{"id":16253,"date":"2017-12-02T22:54:32","date_gmt":"2017-12-03T02:54:32","guid":{"rendered":"http:\/\/folhaderondonianews.com\/news\/?p=16253"},"modified":"2017-12-09T09:18:02","modified_gmt":"2017-12-09T13:18:02","slug":"cantata-natalina-inspira-clima-de-natal-em-ji-parana","status":"publish","type":"post","link":"https:\/\/folhaderondonianews.com\/news\/2017\/12\/02\/cantata-natalina-inspira-clima-de-natal-em-ji-parana\/","title":{"rendered":"Cantata Natalina inspira clima de Natal em Ji-Paran\u00e1"},"content":{"rendered":"<p>O m\u00eas de dezembro vai contar com uma temporada festiva na segunda maior cidade do estado. A Cantata Natalina, realizada pela Prefeitura de Ji-Paran\u00e1, por meio da Funda\u00e7\u00e3o Cultural, ir\u00e1 proporcionar v\u00e1rias apresenta\u00e7\u00f5es de escolas de m\u00fasica da cidade, aos s\u00e1bados, na Pra\u00e7a da B\u00edblia.<\/p>\n<p>Crian\u00e7as, jovens e adultos subir\u00e3o ao palco para apresentar can\u00e7\u00f5es inspiradoras. Neste s\u00e1bado (02), a escola de m\u00fasica Clave de Sol encantou com o coral. No pr\u00f3ximo fim de semana o p\u00fablico contar\u00e1 com a Sinfonia Tradi\u00e7\u00e3o. A inten\u00e7\u00e3o \u00e9 criar um clima de natal e dar a oportunidade \u00e0s escolas de ter um espa\u00e7o para as apresenta\u00e7\u00f5es.<\/p>\n<p>\u201cJi-Paran\u00e1 j\u00e1 se tornou a capital do natal em Rond\u00f4nia. N\u00f3s temos decora\u00e7\u00e3o na cidade com muita ilumina\u00e7\u00e3o, a Casa do Papai Noel e ainda a temporada de m\u00fasica natalina, oferecida pela Prefeitura. Oferecer esse espa\u00e7o para os grupos e associa\u00e7\u00f5es que fazem esse trabalho, demonstrar o que fazem l\u00e1 nas suas institui\u00e7\u00f5es, \u00e9 muito gratificante\u201d, ressaltou a presidente da Funda\u00e7\u00e3o Cultural, Keila Barbosa.<\/p>\n<p>Quem ficou encantada com as apresenta\u00e7\u00f5es foi a Lucy Mclean, de apenas quatro anos de idade. Antes de visitar a Casa do Papai Noel, curtiu uma boa m\u00fasica na Pra\u00e7a da B\u00edblia. A menina mora com os pais na Irlanda e est\u00e1 no Brasil de f\u00e9rias. \u201cEla n\u00e3o sabe falar muito bem portugu\u00eas, mas nem precisa dizer muita coisa diante de apresenta\u00e7\u00f5es t\u00e3o lindas\u201d, disse o av\u00f4 da menina, Salom\u00e3o Grana.<\/p>\n<p>O Prefeito de Ji-Paran\u00e1 Jesualdo Pires (PSB) e a primeira dama Lilian Pires, prestigiaram as apresenta\u00e7\u00f5es. \u201cFoi muito lindo. Convidamos toda a popula\u00e7\u00e3o para apreciar esses trabalhos que s\u00e3o desenvolvidos em Ji-Paran\u00e1 e que a Funda\u00e7\u00e3o cultural tr\u00e1s ao palco da Pra\u00e7a da B\u00edblia\u201d, finalizou o prefeito.<\/p>\n","protected":false},"excerpt":{"rendered":"<div class=\"mh-excerpt\"><p>O m\u00eas de dezembro vai contar com uma temporada festiva na segunda maior cidade do estado. A Cantata Natalina, realizada pela Prefeitura de Ji-Paran\u00e1, por <a class=\"mh-excerpt-more\" href=\"https:\/\/folhaderondonianews.com\/news\/2017\/12\/02\/cantata-natalina-inspira-clima-de-natal-em-ji-parana\/\" title=\"Cantata Natalina inspira clima de Natal em Ji-Paran\u00e1\">[&#8230;]<\/a><\/p>\n<\/div>","protected":false},"author":1,"featured_media":16254,"comment_status":"open","ping_status":"closed","sticky":false,"template":"","format":"standard","meta":{"footnotes":""},"categories":[3],"tags":[],"class_list":["post-16253","post","type-post","status-publish","format-standard","has-post-thumbnail","hentry","category-cotidiano"],"_links":{"self":[{"href":"https:\/\/folhaderondonianews.com\/news\/wp-json\/wp\/v2\/posts\/16253","targetHints":{"allow":["GET"]}}],"collection":[{"href":"https:\/\/folhaderondonianews.com\/news\/wp-json\/wp\/v2\/posts"}],"about":[{"href":"https:\/\/folhaderondonianews.com\/news\/wp-json\/wp\/v2\/types\/post"}],"author":[{"embeddable":true,"href":"https:\/\/folhaderondonianews.com\/news\/wp-json\/wp\/v2\/users\/1"}],"replies":[{"embeddable":true,"href":"https:\/\/folhaderondonianews.com\/news\/wp-json\/wp\/v2\/comments?post=16253"}],"version-history":[{"count":0,"href":"https:\/\/folhaderondonianews.com\/news\/wp-json\/wp\/v2\/posts\/16253\/revisions"}],"wp:featuredmedia":[{"embeddable":true,"href":"https:\/\/folhaderondonianews.com\/news\/wp-json\/wp\/v2\/media\/16254"}],"wp:attachment":[{"href":"https:\/\/folhaderondonianews.com\/news\/wp-json\/wp\/v2\/media?parent=16253"}],"wp:term":[{"taxonomy":"category","embeddable":true,"href":"https:\/\/folhaderondonianews.com\/news\/wp-json\/wp\/v2\/categories?post=16253"},{"taxonomy":"post_tag","embeddable":true,"href":"https:\/\/folhaderondonianews.com\/news\/wp-json\/wp\/v2\/tags?post=16253"}],"curies":[{"name":"wp","href":"https:\/\/api.w.org\/{rel}","templated":true}]}}