{"id":16266,"date":"2017-12-08T09:44:29","date_gmt":"2017-12-08T13:44:29","guid":{"rendered":"http:\/\/folhaderondonianews.com\/news\/?p=16266"},"modified":"2017-12-09T09:46:51","modified_gmt":"2017-12-09T13:46:51","slug":"semed-amplia-o-prazo-para-a-chamada-escolar","status":"publish","type":"post","link":"https:\/\/folhaderondonianews.com\/news\/2017\/12\/08\/semed-amplia-o-prazo-para-a-chamada-escolar\/","title":{"rendered":"Semed amplia o prazo para a Chamada Escolar"},"content":{"rendered":"<p>A secret\u00e1ria de Educa\u00e7\u00e3o de Ji-Paran\u00e1, M\u00e1rcia Regina de Souza, resolveu ampliar o prazo limite para que pais ou respons\u00e1veis possam informar \u00e0s escolas da Rede Municipal de Educa\u00e7\u00e3o sobre as crian\u00e7as na faixa et\u00e1ria da Educa\u00e7\u00e3o Infantil, de 6 meses a 5 anos de idade. Inicialmente o prazo para a Chamada Escolar terminava na quinta-feira, dia 7. Agora, as informa\u00e7\u00f5es podem ser prestadas at\u00e9 o pr\u00f3ximo dia 12 em todas as escolas municipais, inclusive as da \u00e1rea rural.<\/p>\n<p>De acordo com a superintendente de Gest\u00e3o da Semed, Ana Maria Martins Papa, das 30 unidades de ensino da Rede Municipal, 16 trabalham com a Educa\u00e7\u00e3o Infantil, com uma oferta de 2.280 vagas atualmente.<\/p>\n<p>A Chamada Escolar da Educa\u00e7\u00e3o Infantil \u00e9 para crian\u00e7as de 6 meses a 5 anos de idade, completos ou a completar at\u00e9 dia 31 de dezembro de 2018.<\/p>\n<p>\u201cO munic\u00edpio de Ji-Paran\u00e1, no compromisso de tender o Plano Municipal de Educa\u00e7\u00e3o, faz esse chamamento dos pais de crian\u00e7as de 6 meses a 5 anos de idade para que compare\u00e7am \u00e0s nossas unidades escolares para que fa\u00e7am esse cadastro para servir, ent\u00e3o, de levantamento da demanda. Qual a real demanda que Ji-Paran\u00e1 tem em rela\u00e7\u00e3o a essa faixa et\u00e1ria. Por isso pedimos que os pais ou respons\u00e1veis compare\u00e7am \u00e0s escolas e contribuam com esse censo escolar\u201d, destacou a secret\u00e1ria de Educa\u00e7\u00e3o interina, M\u00e1rcia Regina de Souza.<\/p>\n","protected":false},"excerpt":{"rendered":"<div class=\"mh-excerpt\"><p>A secret\u00e1ria de Educa\u00e7\u00e3o de Ji-Paran\u00e1, M\u00e1rcia Regina de Souza, resolveu ampliar o prazo limite para que pais ou respons\u00e1veis possam informar \u00e0s escolas da <a class=\"mh-excerpt-more\" href=\"https:\/\/folhaderondonianews.com\/news\/2017\/12\/08\/semed-amplia-o-prazo-para-a-chamada-escolar\/\" title=\"Semed amplia o prazo para a Chamada Escolar\">[&#8230;]<\/a><\/p>\n<\/div>","protected":false},"author":1,"featured_media":16267,"comment_status":"open","ping_status":"closed","sticky":false,"template":"","format":"standard","meta":{"footnotes":""},"categories":[3],"tags":[2518,99],"class_list":["post-16266","post","type-post","status-publish","format-standard","has-post-thumbnail","hentry","category-cotidiano","tag-chamada-escolar","tag-ji-parana"],"_links":{"self":[{"href":"https:\/\/folhaderondonianews.com\/news\/wp-json\/wp\/v2\/posts\/16266","targetHints":{"allow":["GET"]}}],"collection":[{"href":"https:\/\/folhaderondonianews.com\/news\/wp-json\/wp\/v2\/posts"}],"about":[{"href":"https:\/\/folhaderondonianews.com\/news\/wp-json\/wp\/v2\/types\/post"}],"author":[{"embeddable":true,"href":"https:\/\/folhaderondonianews.com\/news\/wp-json\/wp\/v2\/users\/1"}],"replies":[{"embeddable":true,"href":"https:\/\/folhaderondonianews.com\/news\/wp-json\/wp\/v2\/comments?post=16266"}],"version-history":[{"count":0,"href":"https:\/\/folhaderondonianews.com\/news\/wp-json\/wp\/v2\/posts\/16266\/revisions"}],"wp:featuredmedia":[{"embeddable":true,"href":"https:\/\/folhaderondonianews.com\/news\/wp-json\/wp\/v2\/media\/16267"}],"wp:attachment":[{"href":"https:\/\/folhaderondonianews.com\/news\/wp-json\/wp\/v2\/media?parent=16266"}],"wp:term":[{"taxonomy":"category","embeddable":true,"href":"https:\/\/folhaderondonianews.com\/news\/wp-json\/wp\/v2\/categories?post=16266"},{"taxonomy":"post_tag","embeddable":true,"href":"https:\/\/folhaderondonianews.com\/news\/wp-json\/wp\/v2\/tags?post=16266"}],"curies":[{"name":"wp","href":"https:\/\/api.w.org\/{rel}","templated":true}]}}