{"id":16510,"date":"2017-12-28T16:36:52","date_gmt":"2017-12-28T20:36:52","guid":{"rendered":"http:\/\/folhaderondonianews.com\/news\/?p=16510"},"modified":"2017-12-28T16:36:52","modified_gmt":"2017-12-28T20:36:52","slug":"carmen-lucia-suspende-parte-do-decreto-de-indulto-natalino","status":"publish","type":"post","link":"https:\/\/folhaderondonianews.com\/news\/2017\/12\/28\/carmen-lucia-suspende-parte-do-decreto-de-indulto-natalino\/","title":{"rendered":"C\u00e1rmen L\u00facia suspende parte do decreto de indulto natalino"},"content":{"rendered":"<header>\n<div class=\"node-info\">A presidente do Supremo Tribunal Federal (STF), ministra C\u00e1rmen L\u00facia, suspendeu hoje (28) parte do\u00a0<a href=\"http:\/\/www.planalto.gov.br\/ccivil_03\/_ato2015-2018\/2017\/decreto\/D9246.htm\" target=\"_blank\" rel=\"noopener noreferrer\">decreto<\/a>\u00a0de indulto natalino, assinado pelo presidente Michel Temer na \u00faltima sexta-feira (22), por consider\u00e1-lo inconstitucional. A decis\u00e3o atende a pedido da procuradora-geral da Rep\u00fablica, Raquel Dodge, que\u00a0<a href=\"http:\/\/agenciabrasil.ebc.com.br\/politica\/noticia\/2017-12\/pgr-entra-no-supremo-para-barrar-parte-do-decreto-de-indulto-natalino-de\" target=\"_blank\" rel=\"noopener noreferrer\">questionou a legalidade<\/a>\u00a0do decreto presidencial que deixou mais brandas as regras para o perd\u00e3o da pena de condenados por crimes cometidos sem viol\u00eancia ou amea\u00e7a, como corrup\u00e7\u00e3o e lavagem de dinheiro.<\/div>\n<\/header>\n<div class=\"content\">\n<p>\u201cIndulto n\u00e3o \u00e9 nem pode ser instrumento de impunidade. \u00c9 provid\u00eancia garantidora, num sistema constitucional e legal em que a execu\u00e7\u00e3o da pena definida aos condenados seja a regra, possa-se, em situa\u00e7\u00f5es espec\u00edficas, excepcionais e n\u00e3o demolidoras do processo penal, permitir-se a extin\u00e7\u00e3o da pena pela superveni\u00eancia de medida humanit\u00e1ria\u201d, afirmou C\u00e1rmen L\u00facia ao acatar pedido da PGR.<\/p>\n<p>\u201cIndulto n\u00e3o \u00e9 pr\u00eamio ao criminoso nem toler\u00e2ncia ao crime. Nem pode ser ato de benemer\u00eancia ou complac\u00eancia com o delito, mas perd\u00e3o ao que, tendo-o praticado e por ele respondido em parte, pode voltar a reconciliar-se com a ordem jur\u00eddica posta\u201d, acrescentou C\u00e1rmen L\u00facia em outro trecho da decis\u00e3o.<\/p>\n<p>A decis\u00e3o da presidente do STF suspende os artigos 8\u00ba, 10 e 11, al\u00e9m de parte dos artigos 1\u00ba e 2\u00ba do decreto de Temer. C\u00e1rmen L\u00facia ressalta que se os dispositivos n\u00e3o forem suspensos imediatamente, o indulto transforma-se \u201cem indol\u00eancia com o crime e insensibilidade com a apreens\u00e3o social que cr\u00ea no direito de uma sociedade justa e na qual o erro \u00e9 punido e o direito respeitado\u201d.<\/p>\n<p>Para C\u00e1rmen L\u00facia, o decreto de indulto natalino tamb\u00e9m \u00e9 inconstitucional por incorrer em desvio de finalidade. \u201cComo o desvio de finalidade torna nulo o ato administrativo, compete ao Supremo Tribunal Federal, na forma pleiteada pelo Minist\u00e9rio P\u00fablico Federal, fazer o controle de constitucionalidade do documento normativo, geral e abstrato como o que \u00e9 objeto da presente a\u00e7\u00e3o\u201d.<\/p>\n<p>Al\u00e9m disso, segundo a presidente do STF, com o decreto, Temer invadiu compet\u00eancia do Judici\u00e1rio e do Legislativo, o que fere o princ\u00edpio constitucional da separa\u00e7\u00e3o dos Poderes.<\/p>\n<p>\u201cMostra-se plaus\u00edvel, ainda, a alega\u00e7\u00e3o de afronta ao princ\u00edpio da proporcionalidade, vinculada \u00e0 proibi\u00e7\u00e3o de se negar a prote\u00e7\u00e3o suficiente e necess\u00e1ria de tutela ao bem jur\u00eddico acolhido no sistema para garantia do processo penal. Tanto se comprova pela circunst\u00e2ncia de os dispositivos impugnados parecerem substituir a norma penal garantidora da efic\u00e1cia do processo, afrontando a finalidade e superando os limites do indulto. Invade-se, assim, compet\u00eancia t\u00edpica e prim\u00e1ria dos poderes Legislativo e Judici\u00e1rio\u201d.<\/p>\n<p>Em artigo publicado hoje no jornal<em>\u00a0O Globo<\/em>, o ministro da Justi\u00e7a, Torquato Jardim,\u00a0<a href=\"http:\/\/agenciabrasil.ebc.com.br\/politica\/noticia\/2017-12\/torquato-reage-criticas-ao-indulto-e-destaca-impessoalidade-da-norma\" target=\"_blank\" rel=\"noopener noreferrer\">defendeu o decreto<\/a>\u00a0e atacou os cr\u00edticos da medida. O ministro classificou as cr\u00edticas ao texto como \u201comissas\u201d e que \u201cconfiguram m\u00e1-f\u00e9 ou ignor\u00e2ncia\u201d e \u201cimputam maliciosamente ao decreto prop\u00f3sitos at\u00e9 mesmo de ilicitude e manipula\u00e7\u00e3o\u201d.<\/p>\n<div class=\"node-info\">Edi\u00e7\u00e3o:\u00a0<strong>Luana Louren\u00e7o<\/strong><\/div>\n<div class=\"node-info\">Ivan Richard Esposito &#8211; Rep\u00f3rter da Ag\u00eancia Brasil<\/div>\n<\/div>\n","protected":false},"excerpt":{"rendered":"<div class=\"mh-excerpt\"><p>\u201cIndulto n\u00e3o \u00e9 nem pode ser instrumento de impunidade. \u00c9 provid\u00eancia garantidora, num sistema constitucional e legal em que a execu\u00e7\u00e3o da pena definida aos condenados seja a regra, possa-se, em situa\u00e7\u00f5es espec\u00edficas, excepcionais e n\u00e3o demolidoras do processo penal, permitir-se a extin\u00e7\u00e3o da pena pela superveni\u00eancia de medida humanit\u00e1ria\u201d, afirmou C\u00e1rmen L\u00facia ao acatar pedido da PGR.<\/p>\n<\/div>","protected":false},"author":1,"featured_media":16511,"comment_status":"open","ping_status":"closed","sticky":false,"template":"","format":"standard","meta":{"footnotes":""},"categories":[9],"tags":[1611,2568,704],"class_list":["post-16510","post","type-post","status-publish","format-standard","has-post-thumbnail","hentry","category-politica","tag-carmen-lucia","tag-indulto-natalino","tag-suspende"],"_links":{"self":[{"href":"https:\/\/folhaderondonianews.com\/news\/wp-json\/wp\/v2\/posts\/16510","targetHints":{"allow":["GET"]}}],"collection":[{"href":"https:\/\/folhaderondonianews.com\/news\/wp-json\/wp\/v2\/posts"}],"about":[{"href":"https:\/\/folhaderondonianews.com\/news\/wp-json\/wp\/v2\/types\/post"}],"author":[{"embeddable":true,"href":"https:\/\/folhaderondonianews.com\/news\/wp-json\/wp\/v2\/users\/1"}],"replies":[{"embeddable":true,"href":"https:\/\/folhaderondonianews.com\/news\/wp-json\/wp\/v2\/comments?post=16510"}],"version-history":[{"count":0,"href":"https:\/\/folhaderondonianews.com\/news\/wp-json\/wp\/v2\/posts\/16510\/revisions"}],"wp:featuredmedia":[{"embeddable":true,"href":"https:\/\/folhaderondonianews.com\/news\/wp-json\/wp\/v2\/media\/16511"}],"wp:attachment":[{"href":"https:\/\/folhaderondonianews.com\/news\/wp-json\/wp\/v2\/media?parent=16510"}],"wp:term":[{"taxonomy":"category","embeddable":true,"href":"https:\/\/folhaderondonianews.com\/news\/wp-json\/wp\/v2\/categories?post=16510"},{"taxonomy":"post_tag","embeddable":true,"href":"https:\/\/folhaderondonianews.com\/news\/wp-json\/wp\/v2\/tags?post=16510"}],"curies":[{"name":"wp","href":"https:\/\/api.w.org\/{rel}","templated":true}]}}