{"id":16523,"date":"2017-12-29T09:18:49","date_gmt":"2017-12-29T13:18:49","guid":{"rendered":"http:\/\/folhaderondonianews.com\/news\/?p=16523"},"modified":"2017-12-29T09:18:49","modified_gmt":"2017-12-29T13:18:49","slug":"temer-assina-mp-que-retira-da-lei-proibicao-de-privatizar-a-eletrobras","status":"publish","type":"post","link":"https:\/\/folhaderondonianews.com\/news\/2017\/12\/29\/temer-assina-mp-que-retira-da-lei-proibicao-de-privatizar-a-eletrobras\/","title":{"rendered":"Temer assina MP que retira da lei proibi\u00e7\u00e3o de privatizar a Eletrobras"},"content":{"rendered":"<p>O presidente Michel Temer assinou hoje (28) uma medida provis\u00f3ria (MP) que retira a proibi\u00e7\u00e3o de privatizar a Eletrobras e suas subsidi\u00e1rias de uma lei que trata do setor el\u00e9trico.<\/p>\n<p>A MP, que ser\u00e1 publicada amanh\u00e3 no\u00a0<em>Di\u00e1rio Oficial da Uni\u00e3o<\/em>, retira da Lei 10848\/2004, que trata da comercializa\u00e7\u00e3o de energia, o artigo que exclu\u00eda a Eletrobras e suas controladas \u2013 (Furnas, Companhia Hidro El\u00e9trica do S\u00e3o Francisco (Chesf), Eletronorte, Eletrosul e a Companhia de Gera\u00e7\u00e3o T\u00e9rmica de Energia El\u00e9trica (CGTEE) \u2013 do Programa Nacional de Desestatiza\u00e7\u00e3o.<\/p>\n<p>Sancionada pelo ex-presidente Luiz In\u00e1cio Lula da Silva, a lei tirou a Eletrobras do programa de privatiza\u00e7\u00e3o criado por seu antecessor, Fernando Henrique Cardoso.<\/p>\n<p>Esta \u00e9 a terceira medida provis\u00f3ria editada por Temer para abrir caminho para a venda da Eletrobras. Em junho de 2016, o presidente editou a MP 735, aprovada pelo Congresso e convertida na Lei 13360\/16, que facilita a transfer\u00eancia do controle de ativos e as privatiza\u00e7\u00f5es de distribuidoras da Eletrobras.<\/p>\n<p>Em agosto deste ano, o governo anunciou a inten\u00e7\u00e3o de privatizar a estatal, respons\u00e1vel por um ter\u00e7o da gera\u00e7\u00e3o de energia no pa\u00eds. De acordo com o Minist\u00e9rio de Minas e Energia, o valor patrimonial da Eletrobras \u00e9 de R$ 46,2 bilh\u00f5es e o total de ativos da empresa soma R$ 170,5 bilh\u00f5es.<\/p>\n<figure class=\"default\">\n<p><figure style=\"width: 277px\" class=\"wp-caption alignleft\"><img decoding=\"async\" class=\"Image img__fid__123 img__view_mode__default attr__format__default lazyload\" data-src=\"http:\/\/agenciabrasil.ebc.com.br\/sites\/_agenciabrasil2013\/files\/styles\/interna_pequena\/public\/linhas_de_transmissao.jpg\" alt=\"Eletrobras \u00e9 respons\u00e1vel por um ter\u00e7o da gera\u00e7\u00e3o de energia no pa\u00eds\" width=\"277\" height=\"160\" src=\"data:image\/svg+xml;base64,PHN2ZyB3aWR0aD0iMSIgaGVpZ2h0PSIxIiB4bWxucz0iaHR0cDovL3d3dy53My5vcmcvMjAwMC9zdmciPjwvc3ZnPg==\" style=\"--smush-placeholder-width: 277px; --smush-placeholder-aspect-ratio: 277\/160;\" \/><figcaption class=\"wp-caption-text\">Eletrobras \u00e9 respons\u00e1vel por um ter\u00e7o da gera\u00e7\u00e3o de energia no pa\u00eds<\/figcaption><\/figure><figcaption>Em documento encaminhado \u00e0 Eletrobras e ao presidente Michel Temer no fim de novembro, o minist\u00e9rio afirma que uma das poss\u00edveis modelagens para o neg\u00f3cio \u00e9 realizar a venda por meio de opera\u00e7\u00e3o de\u00a0<a href=\"http:\/\/agenciabrasil.ebc.com.br\/economia\/noticia\/2017-11\/privatizacao-da-eletrobras-ocorrera-por-meio-de-aumento-de-capital\" target=\"_blank\" rel=\"noopener noreferrer\">aumento de capital<\/a>, com a possibilidade de ser somada a uma oferta secund\u00e1ria de a\u00e7\u00f5es da empresa pertencentes \u00e0 Uni\u00e3o, que ficaria com menos de 50% da empresa.<\/p>\n<\/figcaption><\/figure>\n<p>O envio do projeto ao Congresso chegou a ser anunciado para o dia 22 de dezembro, quando come\u00e7ou oficialmente o recesso parlamentar, mas ficou para o pr\u00f3ximo ano. A privatiza\u00e7\u00e3o da Eletrobras tem gerado pol\u00eamica e o governo enfrenta resist\u00eancia inclusive entre aliados no Congresso Nacional, onde duas frentes j\u00e1 foram criadas contra a venda da empresa e suas subsidi\u00e1rias.<\/p>\n<p><strong>Sistemas isolados<\/strong><\/p>\n<p>A MP assinada nesta quinta-feira tamb\u00e9m trata da contrata\u00e7\u00e3o de energia para os sistemas que n\u00e3o est\u00e3o interligados ao Sistema Interligado Nacional.<\/p>\n<p>Localizados em regi\u00f5es de dif\u00edcil acesso, como \u00e9 o caso de algumas localidades da Regi\u00e3o Norte, os sistemas isolados s\u00e3o abastecidos prioritariamente por usinas t\u00e9rmicas. De acordo com o Operador Nacional do Sistema (ONS), atualmente, existem cerca de 250 localidades isoladas no Brasil.\u00a0 \u201cO consumo nessas localidades \u00e9 baixo e representa menos de 1% da carga total do pa\u00eds. A demanda por energia dessas regi\u00f5es \u00e9 suprida, principalmente, por t\u00e9rmicas a \u00f3leo diesel\u201d.<\/p>\n<p>Uma das altera\u00e7\u00f5es da MP diz respeito ao contrato de antecipa\u00e7\u00e3o de venda de energia em termel\u00e9tricas da Regi\u00e3o Norte, em especial a termel\u00e9trica Mau\u00e1 3, da distribuidora Amazonas Energia, para as distribuidoras, cujo contrato termina em 2043; e de contratos de outros geradores termel\u00e9tricos que terminam em 2020 e 2024, com a concess\u00e3o do Gasoduto Urucu-Coari-Manaus.<\/p>\n<p>De acordo com o Minist\u00e9rio de Minas e Energia, a proposta busca corrigir uma falha de planejamento da utiliza\u00e7\u00e3o do gasoduto, que ficou parcialmente ocioso nos primeiros anos e voltar\u00e1 a ficar subutilizado a partir de 2020, deixando a termel\u00e9trica Mau\u00e1 3 sem g\u00e1s.<\/p>\n<p>Outra mudan\u00e7a prevista na MP \u00e9 uma revis\u00e3o do prazo m\u00e1ximo de prorroga\u00e7\u00e3o dos contratos existentes nos sistemas isolados, estipulado em 36 meses. \u201cOcorre que a lei considerou que este per\u00edodo seria suficiente para a nova licita\u00e7\u00e3o, prazo que se mostrou insuficiente devido \u00e0 complexidade envolvida, que demandou regulamenta\u00e7\u00e3o da lei, edi\u00e7\u00e3o de portarias pelo MME, aprova\u00e7\u00e3o de projetos pela EPE [Empresa de Pesquisa Energ\u00e9tica] e a realiza\u00e7\u00e3o dos leil\u00f5es pela Aneel [Ag\u00eancia Nacional de Energia El\u00e9trica]\u201d, informou o minist\u00e9rio. As mudan\u00e7as n\u00e3o ter\u00e3o impacto nas tarifas de energia, segundo o governo.<\/p>\n<div class=\"node-info\">Edi\u00e7\u00e3o:\u00a0<strong>Luana Louren\u00e7o<\/strong><\/div>\n","protected":false},"excerpt":{"rendered":"<div class=\"mh-excerpt\"><p>O presidente Michel Temer assinou hoje (28) uma medida provis\u00f3ria (MP) que retira a proibi\u00e7\u00e3o de privatizar a Eletrobras e suas subsidi\u00e1rias de uma lei <a class=\"mh-excerpt-more\" href=\"https:\/\/folhaderondonianews.com\/news\/2017\/12\/29\/temer-assina-mp-que-retira-da-lei-proibicao-de-privatizar-a-eletrobras\/\" title=\"Temer assina MP que retira da lei proibi\u00e7\u00e3o de privatizar a Eletrobras\">[&#8230;]<\/a><\/p>\n<\/div>","protected":false},"author":1,"featured_media":16525,"comment_status":"open","ping_status":"closed","sticky":false,"template":"","format":"standard","meta":{"footnotes":""},"categories":[5],"tags":[1282,2576,1343],"class_list":["post-16523","post","type-post","status-publish","format-standard","has-post-thumbnail","hentry","category-brasil","tag-eletrobras","tag-medida-provisoria","tag-privatizacao"],"_links":{"self":[{"href":"https:\/\/folhaderondonianews.com\/news\/wp-json\/wp\/v2\/posts\/16523","targetHints":{"allow":["GET"]}}],"collection":[{"href":"https:\/\/folhaderondonianews.com\/news\/wp-json\/wp\/v2\/posts"}],"about":[{"href":"https:\/\/folhaderondonianews.com\/news\/wp-json\/wp\/v2\/types\/post"}],"author":[{"embeddable":true,"href":"https:\/\/folhaderondonianews.com\/news\/wp-json\/wp\/v2\/users\/1"}],"replies":[{"embeddable":true,"href":"https:\/\/folhaderondonianews.com\/news\/wp-json\/wp\/v2\/comments?post=16523"}],"version-history":[{"count":0,"href":"https:\/\/folhaderondonianews.com\/news\/wp-json\/wp\/v2\/posts\/16523\/revisions"}],"wp:featuredmedia":[{"embeddable":true,"href":"https:\/\/folhaderondonianews.com\/news\/wp-json\/wp\/v2\/media\/16525"}],"wp:attachment":[{"href":"https:\/\/folhaderondonianews.com\/news\/wp-json\/wp\/v2\/media?parent=16523"}],"wp:term":[{"taxonomy":"category","embeddable":true,"href":"https:\/\/folhaderondonianews.com\/news\/wp-json\/wp\/v2\/categories?post=16523"},{"taxonomy":"post_tag","embeddable":true,"href":"https:\/\/folhaderondonianews.com\/news\/wp-json\/wp\/v2\/tags?post=16523"}],"curies":[{"name":"wp","href":"https:\/\/api.w.org\/{rel}","templated":true}]}}