{"id":16613,"date":"2018-01-09T16:51:43","date_gmt":"2018-01-09T20:51:43","guid":{"rendered":"http:\/\/folhaderondonianews.com\/news\/?p=16613"},"modified":"2018-01-09T16:51:43","modified_gmt":"2018-01-09T20:51:43","slug":"novo-laudo-do-iml-reafirma-que-maluf-pode-cumprir-pena-em-presidio","status":"publish","type":"post","link":"https:\/\/folhaderondonianews.com\/news\/2018\/01\/09\/novo-laudo-do-iml-reafirma-que-maluf-pode-cumprir-pena-em-presidio\/","title":{"rendered":"Novo laudo do IML reafirma que Maluf pode cumprir pena em pres\u00eddio"},"content":{"rendered":"<p>ABr &#8211; O Instituto M\u00e9dico Legal (IML) do Distrito Federal concluiu um\u00a0<a href=\"http:\/\/agenciabrasil.ebc.com.br\/politica\/noticia\/2017-12\/juiz-vai-ouvir-iml-sobre-saude-de-maluf-antes-de-decidir-sobre-prisao\" target=\"_blank\" rel=\"noopener noreferrer\">novo laudo<\/a>\u00a0no qual afirma que n\u00e3o h\u00e1 impedimentos para que deputado Paulo Maluf (PP-SP) continue preso na Penitenci\u00e1ria da Papuda, em Bras\u00edlia. O deputado cumpre pena definitiva de sete anos e nove meses, definida pelo Supremo Tribunal Federal (STF).<\/p>\n<p>O novo laudo, entregue ontem (8) \u00e0 Justi\u00e7a, foi realizado para responder a 32 novos questionamentos elaborados pelos advogados do parlamentar, que n\u00e3o concordaram com o\u00a0<a href=\"http:\/\/agenciabrasil.ebc.com.br\/politica\/noticia\/2017-12\/laudo-do-iml-diz-que-maluf-tem-doenca-grave-mas-pode-continuar-preso\" target=\"_blank\" rel=\"noopener noreferrer\">primeiro laudo<\/a>\u00a0realizado pelos peritos, que chegaram \u00e0 mesma conclus\u00e3o.<\/p>\n<p>Com base nas informa\u00e7\u00f5es enviadas, o juiz Bruno Aielo Macacari decidir\u00e1 se Maluf vai continuar preso ou poder\u00e1 cumprir pris\u00e3o domiciliar. Antes da decis\u00e3o, o magistrado deve colher parecer do Minist\u00e9rio P\u00fablico e a manifesta\u00e7\u00e3o da pr\u00f3pria defesa. A defesa do deputado, de 86 anos, alega que ele deve cumprir pris\u00e3o domiciliar porque sofre de c\u00e2ncer de pr\u00f3stata, problemas card\u00edacos e na coluna, al\u00e9m de h\u00e9rnia de disco.<\/p>\n<p>\u201cAcostou-se o laudo da per\u00edcia m\u00e9dica do IML, com as respostas aos quesitos formulados pela defesa, no qual se concluiu que o sentenciado est\u00e1 acometido de doen\u00e7as graves, mas sem indica\u00e7\u00e3o de que h\u00e1 algum impedimento ao cumprimento da pena privativa de liberdade recolhido no Centro de Deten\u00e7\u00e3o Provis\u00f3ria &#8211; CDP, desde que assistido pela equipe m\u00e9dica\u201d, diz trecho de uma decis\u00e3o anexada ao processo.<\/p>\n<p>Maluf foi condenado por receber propina em contratos p\u00fablicos com as empreiteiras Mendes J\u00fanior e OAS quando era prefeito de S\u00e3o Paulo (1993-1996). Os recursos teriam sido desviados da constru\u00e7\u00e3o da Avenida \u00c1gua Espraiada, hoje chamada Avenida Roberto Marinho. O custo total da obra foi cerca de R$ 800 milh\u00f5es.<\/p>\n<p>As investiga\u00e7\u00f5es se arrastaram por mais de dez anos, desde a instaura\u00e7\u00e3o do primeiro inqu\u00e9rito contra o ex-prefeito, ainda na primeira inst\u00e2ncia da Justi\u00e7a. Os procuradores do Minist\u00e9rio P\u00fablico estimaram em US$ 170 milh\u00f5es a movimenta\u00e7\u00e3o total de recursos il\u00edcitos. O Supremo assumiu o caso ap\u00f3s a elei\u00e7\u00e3o de Maluf como deputado federal.<\/p>\n<div class=\"node-info\">Edi\u00e7\u00e3o:\u00a0<strong>Amanda Cieglinski<\/strong><\/div>\n","protected":false},"excerpt":{"rendered":"<div class=\"mh-excerpt\"><p>ABr &#8211; O Instituto M\u00e9dico Legal (IML) do Distrito Federal concluiu um\u00a0novo laudo\u00a0no qual afirma que n\u00e3o h\u00e1 impedimentos para que deputado Paulo Maluf (PP-SP) <a class=\"mh-excerpt-more\" href=\"https:\/\/folhaderondonianews.com\/news\/2018\/01\/09\/novo-laudo-do-iml-reafirma-que-maluf-pode-cumprir-pena-em-presidio\/\" title=\"Novo laudo do IML reafirma que Maluf pode cumprir pena em pres\u00eddio\">[&#8230;]<\/a><\/p>\n<\/div>","protected":false},"author":1,"featured_media":16614,"comment_status":"open","ping_status":"closed","sticky":false,"template":"","format":"standard","meta":{"footnotes":""},"categories":[11],"tags":[2593,2612,1460,2613],"class_list":["post-16613","post","type-post","status-publish","format-standard","has-post-thumbnail","hentry","category-policia","tag-agencia-brasil","tag-deputado-paulo-maluf-pp-sp","tag-folha-de-rondonia-news","tag-novo-laudo"],"_links":{"self":[{"href":"https:\/\/folhaderondonianews.com\/news\/wp-json\/wp\/v2\/posts\/16613","targetHints":{"allow":["GET"]}}],"collection":[{"href":"https:\/\/folhaderondonianews.com\/news\/wp-json\/wp\/v2\/posts"}],"about":[{"href":"https:\/\/folhaderondonianews.com\/news\/wp-json\/wp\/v2\/types\/post"}],"author":[{"embeddable":true,"href":"https:\/\/folhaderondonianews.com\/news\/wp-json\/wp\/v2\/users\/1"}],"replies":[{"embeddable":true,"href":"https:\/\/folhaderondonianews.com\/news\/wp-json\/wp\/v2\/comments?post=16613"}],"version-history":[{"count":0,"href":"https:\/\/folhaderondonianews.com\/news\/wp-json\/wp\/v2\/posts\/16613\/revisions"}],"wp:featuredmedia":[{"embeddable":true,"href":"https:\/\/folhaderondonianews.com\/news\/wp-json\/wp\/v2\/media\/16614"}],"wp:attachment":[{"href":"https:\/\/folhaderondonianews.com\/news\/wp-json\/wp\/v2\/media?parent=16613"}],"wp:term":[{"taxonomy":"category","embeddable":true,"href":"https:\/\/folhaderondonianews.com\/news\/wp-json\/wp\/v2\/categories?post=16613"},{"taxonomy":"post_tag","embeddable":true,"href":"https:\/\/folhaderondonianews.com\/news\/wp-json\/wp\/v2\/tags?post=16613"}],"curies":[{"name":"wp","href":"https:\/\/api.w.org\/{rel}","templated":true}]}}