{"id":16627,"date":"2018-01-09T18:28:01","date_gmt":"2018-01-09T22:28:01","guid":{"rendered":"http:\/\/folhaderondonianews.com\/news\/?p=16627"},"modified":"2018-01-09T18:28:01","modified_gmt":"2018-01-09T22:28:01","slug":"governo-extingue-60-mil-cargos-vagos-ou-que-dependeriam-de-concurso","status":"publish","type":"post","link":"https:\/\/folhaderondonianews.com\/news\/2018\/01\/09\/governo-extingue-60-mil-cargos-vagos-ou-que-dependeriam-de-concurso\/","title":{"rendered":"Governo extingue 60 mil cargos vagos ou que dependeriam de concurso"},"content":{"rendered":"<header>\n<div class=\"node-info\">O governo federal formalizou nesta ter\u00e7a-feira (9) a extin\u00e7\u00e3o de 60,9 mil cargos da administra\u00e7\u00e3o p\u00fablica que j\u00e1 est\u00e3o vagos ou que dependeriam de novos concursos p\u00fablicos. O decreto do presidente Michel Temer com detalhes sobre os cargos que ser\u00e3o extintos, referentes a diversos \u00f3rg\u00e3os, ser\u00e1 publicado amanh\u00e3 (10) no\u00a0<em>Di\u00e1rio Oficial da Uni\u00e3o<\/em>\u00a0e deve passar a valer at\u00e9 mar\u00e7o deste ano.<\/div>\n<\/header>\n<div class=\"content\">\n<p>A maioria da redu\u00e7\u00e3o das despesas com pessoal est\u00e1 relacionada \u00e0 extin\u00e7\u00e3o de cargos atualmente vagos. \u00c9 o caso de agentes administrativos de minist\u00e9rios, odont\u00f3logos, auxiliares de enfermagem e agentes de sa\u00fade p\u00fablica da Funda\u00e7\u00e3o Nacional de Sa\u00fade (Funasa), na qual deixar\u00e3o de existir 5 mil cargos. Fun\u00e7\u00f5es que hoje n\u00e3o s\u00e3o mais exercidas tamb\u00e9m est\u00e3o na lista, como datil\u00f3grafos, agente de microfilmagem, perfurador digital, que s\u00e3o quadros da Imprensa Nacional.<\/p>\n<p>A\u00a0<a href=\"http:\/\/agenciabrasil.ebc.com.br\/economia\/noticia\/2017-08\/reajuste-de-salario-de-servidores-publicos-e-adiado-em-um-ano\">medida foi anunciada em agosto<\/a>\u00a0do ano passado. Na ocasi\u00e3o, o minist\u00e9rio do Planejamento afirmou que, como os postos j\u00e1 est\u00e3o desocupados, a extin\u00e7\u00e3o n\u00e3o geraria impacto econ\u00f4mico de imediato, mas evitaria o aumento de gastos no futuro. Outros cargos que devem ficar vagos no futuro tamb\u00e9m est\u00e3o inclu\u00eddos no decreto.<\/p>\n<p>Outra mudan\u00e7a, que entra em vigor automaticamente \u00e9 a proibi\u00e7\u00e3o de novos concursos p\u00fablicos ou a amplia\u00e7\u00e3o do n\u00famero de vagas adicionais em rela\u00e7\u00e3o ao que foi previsto inicialmente nos editais. Trata-se de planos de carreira para discotec\u00e1rio, guarda florestal, fotogravador, seringueiro, t\u00e9cnico em refrigera\u00e7\u00e3o, economista dom\u00e9stico e revisor de textos, dentre v\u00e1rios outros.<\/p>\n<div class=\"node-info\">Edi\u00e7\u00e3o:\u00a0<strong><strong>N\u00e1dia Franco<br \/>\n<\/strong><\/strong><\/p>\n<header>\n<div class=\"node-info\"><strong>Paulo Victor Chagas \u2013 Rep\u00f3rter da Ag\u00eancia Brasil<\/strong><\/div>\n<\/header>\n<div class=\"content\"><\/div>\n<\/div>\n<\/div>\n","protected":false},"excerpt":{"rendered":"<div class=\"mh-excerpt\"><p>O governo federal formalizou nesta ter\u00e7a-feira (9) a extin\u00e7\u00e3o de 60,9 mil cargos da administra\u00e7\u00e3o p\u00fablica que j\u00e1 est\u00e3o vagos ou que dependeriam de novos <a class=\"mh-excerpt-more\" href=\"https:\/\/folhaderondonianews.com\/news\/2018\/01\/09\/governo-extingue-60-mil-cargos-vagos-ou-que-dependeriam-de-concurso\/\" title=\"Governo extingue 60 mil cargos vagos ou que dependeriam de concurso\">[&#8230;]<\/a><\/p>\n<\/div>","protected":false},"author":1,"featured_media":16630,"comment_status":"open","ping_status":"closed","sticky":false,"template":"","format":"standard","meta":{"footnotes":""},"categories":[5],"tags":[],"class_list":["post-16627","post","type-post","status-publish","format-standard","has-post-thumbnail","hentry","category-brasil"],"_links":{"self":[{"href":"https:\/\/folhaderondonianews.com\/news\/wp-json\/wp\/v2\/posts\/16627","targetHints":{"allow":["GET"]}}],"collection":[{"href":"https:\/\/folhaderondonianews.com\/news\/wp-json\/wp\/v2\/posts"}],"about":[{"href":"https:\/\/folhaderondonianews.com\/news\/wp-json\/wp\/v2\/types\/post"}],"author":[{"embeddable":true,"href":"https:\/\/folhaderondonianews.com\/news\/wp-json\/wp\/v2\/users\/1"}],"replies":[{"embeddable":true,"href":"https:\/\/folhaderondonianews.com\/news\/wp-json\/wp\/v2\/comments?post=16627"}],"version-history":[{"count":0,"href":"https:\/\/folhaderondonianews.com\/news\/wp-json\/wp\/v2\/posts\/16627\/revisions"}],"wp:featuredmedia":[{"embeddable":true,"href":"https:\/\/folhaderondonianews.com\/news\/wp-json\/wp\/v2\/media\/16630"}],"wp:attachment":[{"href":"https:\/\/folhaderondonianews.com\/news\/wp-json\/wp\/v2\/media?parent=16627"}],"wp:term":[{"taxonomy":"category","embeddable":true,"href":"https:\/\/folhaderondonianews.com\/news\/wp-json\/wp\/v2\/categories?post=16627"},{"taxonomy":"post_tag","embeddable":true,"href":"https:\/\/folhaderondonianews.com\/news\/wp-json\/wp\/v2\/tags?post=16627"}],"curies":[{"name":"wp","href":"https:\/\/api.w.org\/{rel}","templated":true}]}}