{"id":17162,"date":"2018-02-23T16:45:16","date_gmt":"2018-02-23T20:45:16","guid":{"rendered":"http:\/\/folhaderondonianews.com\/news\/?p=17162"},"modified":"2018-02-23T16:45:16","modified_gmt":"2018-02-23T20:45:16","slug":"pesquisadores-da-unifesp-sao-alvo-de-inquerito-por-simposio-sobre-maconha","status":"publish","type":"post","link":"https:\/\/folhaderondonianews.com\/news\/2018\/02\/23\/pesquisadores-da-unifesp-sao-alvo-de-inquerito-por-simposio-sobre-maconha\/","title":{"rendered":"Pesquisadores da Unifesp s\u00e3o alvo de inqu\u00e9rito por simp\u00f3sio sobre maconha"},"content":{"rendered":"<p>Daniel Mello &#8211; Um grupo de pesquisadores da Universidade Federal de S\u00e3o Paulo (Unifesp) est\u00e1 sendo investigado por apologia ao crime, durante o 5\u00ba Simp\u00f3sio Internacional Maconha Outros Saberes, que ocorreu em maio do ano passado. Eles prestaram depoimento no 16\u00ba Distrito Policial (DP), na Vila Clementino, zona sul paulistana, na quarta-feira (21).<\/p>\n<p>O Minist\u00e9rio P\u00fablico decidiu abrir a investiga\u00e7\u00e3o porque os organizadores do evento convidaram Geraldo Antonio Baptista para palestrar em uma das mesas. Conhecido como R\u00e1s Geraldinho, ele est\u00e1 preso desde 2013, condenado por tr\u00e1fico de drogas. Geraldinho \u00e9 fundador de uma igreja de denomina\u00e7\u00e3o rastafari em Americana, no interior paulista. A filosofia religiosa utiliza a maconha como parte de seus rituais.<\/p>\n<p>Os pesquisadores pediram autoriza\u00e7\u00e3o judicial para que Geraldo pudesse comparecer ao simp\u00f3sio. A Justi\u00e7a, no entanto, negou o pedido e o evento aconteceu sem a participa\u00e7\u00e3o do religioso. Ele deveria falar sobre o uso ritual\u00edstico da subst\u00e2ncia.<\/p>\n<p><strong>Universidade defende pesquisador<\/strong><\/p>\n<p>Hoje (23) a Unifesp divulgou nota em defesa do professor Elisaldo Carlini, um dos investigados no caso. No comunicado, a institui\u00e7\u00e3o destaca o extenso curr\u00edculo do docente, de 88 anos, que j\u00e1 foi presidente da Ag\u00eancia Nacional de Vigil\u00e2ncia Sanit\u00e1ria (Anvisa) e membro do Conselho Econ\u00f4mico Social das Na\u00e7\u00f5es Unidas. Al\u00e9m disso, o texto enfatiza que Carlini foi citado \u201c12 mil vezes em pesquisas cient\u00edficas nacionais e internacionais\u201d relacionadas ao uso da maconha.<\/p>\n<p>A universidade considerou a intima\u00e7\u00e3o do pesquisador como um ataque ao seu trabalho. \u201cCarlini vem sendo criminalizado em fun\u00e7\u00e3o de sua pesquisa sobre drogas medicinais \u00e0 base de C<em>annabis sativa<\/em>, pela qual \u00e9 internacionalmente reconhecido\u201d, enfatiza a nota.<\/p>\n<p>Outro pesquisador da Unifesp, Renato Filev, que tamb\u00e9m participou da organiza\u00e7\u00e3o do simp\u00f3sio, se defendeu e disse que os respons\u00e1veis pelo evento agiram de boa f\u00e9. \u201cA gente achou que n\u00e3o estava cometendo nenhum tipo de crime, se a gente est\u00e1 pedindo autoriza\u00e7\u00e3o judicial, para o juiz\u201d, ressaltou.<\/p>\n<p>Para Filev, o inqu\u00e9rito acabar\u00e1 sendo arquivado, uma vez que Geraldo sequer chegou a ir ao evento. Para ele, a situa\u00e7\u00e3o \u00e9 parte das distor\u00e7\u00f5es criadas pela atual legisla\u00e7\u00e3o de drogas.<\/p>\n<p>\u201cA lei, por mais que tenha vindo em uma tentativa de melhorar a lei anterior, ela de fato piorou. A gente tem um super encarceramento ap\u00f3s ela: duas em cada tr\u00eas mulheres est\u00e3o presas por tr\u00e1fico. Aumentou em mais de 500% as pris\u00f5es por tr\u00e1fico no pa\u00eds. Essa lei de drogas est\u00e1 sendo muito mal\u00e9fica e pouco discutida\u201d, criticou o pesquisador ao se referir sobre a legisla\u00e7\u00e3o que entrou em vigor em 2006.<\/p>\n<div class=\"node-info\">Edi\u00e7\u00e3o:\u00a0<strong>Denise Griesinger<\/strong><\/div>\n","protected":false},"excerpt":{"rendered":"<div class=\"mh-excerpt\"><p>Um grupo de pesquisadores da Universidade Federal de S\u00e3o Paulo (Unifesp) est\u00e1 sendo investigado por apologia ao crime, durante o 5\u00ba Simp\u00f3sio Internacional Maconha Outros Saberes, que ocorreu em maio do ano passado.<\/p>\n<\/div>","protected":false},"author":1,"featured_media":17163,"comment_status":"open","ping_status":"closed","sticky":false,"template":"","format":"standard","meta":{"footnotes":""},"categories":[5],"tags":[2783,2787,2785,479,2784,2786],"class_list":["post-17162","post","type-post","status-publish","format-standard","has-post-thumbnail","hentry","category-brasil","tag-5o-simposio-internacional-maconha","tag-apologia-ao-crime","tag-inquerito","tag-maconha","tag-outros-saberes","tag-policial"],"_links":{"self":[{"href":"https:\/\/folhaderondonianews.com\/news\/wp-json\/wp\/v2\/posts\/17162","targetHints":{"allow":["GET"]}}],"collection":[{"href":"https:\/\/folhaderondonianews.com\/news\/wp-json\/wp\/v2\/posts"}],"about":[{"href":"https:\/\/folhaderondonianews.com\/news\/wp-json\/wp\/v2\/types\/post"}],"author":[{"embeddable":true,"href":"https:\/\/folhaderondonianews.com\/news\/wp-json\/wp\/v2\/users\/1"}],"replies":[{"embeddable":true,"href":"https:\/\/folhaderondonianews.com\/news\/wp-json\/wp\/v2\/comments?post=17162"}],"version-history":[{"count":0,"href":"https:\/\/folhaderondonianews.com\/news\/wp-json\/wp\/v2\/posts\/17162\/revisions"}],"wp:featuredmedia":[{"embeddable":true,"href":"https:\/\/folhaderondonianews.com\/news\/wp-json\/wp\/v2\/media\/17163"}],"wp:attachment":[{"href":"https:\/\/folhaderondonianews.com\/news\/wp-json\/wp\/v2\/media?parent=17162"}],"wp:term":[{"taxonomy":"category","embeddable":true,"href":"https:\/\/folhaderondonianews.com\/news\/wp-json\/wp\/v2\/categories?post=17162"},{"taxonomy":"post_tag","embeddable":true,"href":"https:\/\/folhaderondonianews.com\/news\/wp-json\/wp\/v2\/tags?post=17162"}],"curies":[{"name":"wp","href":"https:\/\/api.w.org\/{rel}","templated":true}]}}