{"id":17758,"date":"2018-04-20T13:28:04","date_gmt":"2018-04-20T17:28:04","guid":{"rendered":"http:\/\/folhaderondonianews.com\/news\/?p=17758"},"modified":"2018-04-20T13:28:04","modified_gmt":"2018-04-20T17:28:04","slug":"capixaba-pede-a-ministro-dos-transportes-recuperacao-e-iluminacao-das-marginais-da-br-para-ariquemes-e-cacoal","status":"publish","type":"post","link":"https:\/\/folhaderondonianews.com\/news\/2018\/04\/20\/capixaba-pede-a-ministro-dos-transportes-recuperacao-e-iluminacao-das-marginais-da-br-para-ariquemes-e-cacoal\/","title":{"rendered":"Capixaba pede a ministro dos transportes recupera\u00e7\u00e3o e ilumina\u00e7\u00e3o das marginais da BR para Ariquemes e Cacoal"},"content":{"rendered":"<p style=\"font-weight: 400;\"><u><\/u>O deputado federal Nilton Capixaba (PTB-RO) participou de audi\u00eancia ontem no Minist\u00e9rio dos Transportes, com o ministro Valter Casimiro, juntamente com o vereador Natan (PTB) e demais vereadores do munic\u00edpio de Ariquemes, solicitando a plena recupera\u00e7\u00e3o das marginais da BR-364 no munic\u00edpio de Cacoal, que est\u00e1 h\u00e1 mais de 20 anos sem nenhuma solu\u00e7\u00e3o.<\/p>\n<p style=\"font-weight: 400;\">\u201cO povo n\u00e3o aguenta mais esperar por algo que nunca vem. Portanto, pedi ao ministro que fizesse de uma vez por todas essas recupera\u00e7\u00f5es\u201d, frisou.<\/p>\n<p style=\"font-weight: 400;\">\u00a0Capixaba ainda pediu ao ministro que fosse providenciada a ilumina\u00e7\u00e3o das marginais do munic\u00edpio de Ariquemes e a sua devida conclus\u00e3o e ainda recuperar a passagem urbana dentro da cidade, fazendo um acostamento da BR-364.<\/p>\n<p style=\"font-weight: 400;\">O parlamentar lembrou ao ministro que todas essas obras j\u00e1 t\u00eam formalizado um compromisso por parte do governo federal, uma vez que foi colocada uma Emenda de Bancada para resolver esse problema, t\u00e3o logo o per\u00edodo de chuva cesse.<\/p>\n<p style=\"font-weight: 400;\">O ministro Casimiro, imediatamente ligou para o Superintendente do Dnit em Rond\u00f4nia para que desse prioridade a essas obras para sua conclus\u00e3o.\u00a0\u201cN\u00e3o vamos descansar enquanto essas obras n\u00e3o forem conclu\u00eddas&#8221;, finalizou.<\/p>\n","protected":false},"excerpt":{"rendered":"<div class=\"mh-excerpt\"><p>O deputado federal Nilton Capixaba (PTB-RO) participou de audi\u00eancia ontem no Minist\u00e9rio dos Transportes, com o ministro Valter Casimiro, juntamente com o vereador Natan (PTB) <a class=\"mh-excerpt-more\" href=\"https:\/\/folhaderondonianews.com\/news\/2018\/04\/20\/capixaba-pede-a-ministro-dos-transportes-recuperacao-e-iluminacao-das-marginais-da-br-para-ariquemes-e-cacoal\/\" title=\"Capixaba pede a ministro dos transportes recupera\u00e7\u00e3o e ilumina\u00e7\u00e3o das marginais da BR para Ariquemes e Cacoal\">[&#8230;]<\/a><\/p>\n<\/div>","protected":false},"author":1,"featured_media":17759,"comment_status":"open","ping_status":"closed","sticky":false,"template":"","format":"standard","meta":{"footnotes":""},"categories":[3],"tags":[201,203,3024,869],"class_list":["post-17758","post","type-post","status-publish","format-standard","has-post-thumbnail","hentry","category-cotidiano","tag-ariquemes","tag-cacoal","tag-ministerio-dos-transportes","tag-nilton-capixaba"],"_links":{"self":[{"href":"https:\/\/folhaderondonianews.com\/news\/wp-json\/wp\/v2\/posts\/17758","targetHints":{"allow":["GET"]}}],"collection":[{"href":"https:\/\/folhaderondonianews.com\/news\/wp-json\/wp\/v2\/posts"}],"about":[{"href":"https:\/\/folhaderondonianews.com\/news\/wp-json\/wp\/v2\/types\/post"}],"author":[{"embeddable":true,"href":"https:\/\/folhaderondonianews.com\/news\/wp-json\/wp\/v2\/users\/1"}],"replies":[{"embeddable":true,"href":"https:\/\/folhaderondonianews.com\/news\/wp-json\/wp\/v2\/comments?post=17758"}],"version-history":[{"count":0,"href":"https:\/\/folhaderondonianews.com\/news\/wp-json\/wp\/v2\/posts\/17758\/revisions"}],"wp:featuredmedia":[{"embeddable":true,"href":"https:\/\/folhaderondonianews.com\/news\/wp-json\/wp\/v2\/media\/17759"}],"wp:attachment":[{"href":"https:\/\/folhaderondonianews.com\/news\/wp-json\/wp\/v2\/media?parent=17758"}],"wp:term":[{"taxonomy":"category","embeddable":true,"href":"https:\/\/folhaderondonianews.com\/news\/wp-json\/wp\/v2\/categories?post=17758"},{"taxonomy":"post_tag","embeddable":true,"href":"https:\/\/folhaderondonianews.com\/news\/wp-json\/wp\/v2\/tags?post=17758"}],"curies":[{"name":"wp","href":"https:\/\/api.w.org\/{rel}","templated":true}]}}