{"id":17761,"date":"2018-04-20T14:08:11","date_gmt":"2018-04-20T18:08:11","guid":{"rendered":"http:\/\/folhaderondonianews.com\/news\/?p=17761"},"modified":"2018-04-20T14:08:11","modified_gmt":"2018-04-20T18:08:11","slug":"empossado-novo-vereador-de-ji-parana","status":"publish","type":"post","link":"https:\/\/folhaderondonianews.com\/news\/2018\/04\/20\/empossado-novo-vereador-de-ji-parana\/","title":{"rendered":"Empossado novo vereador de Ji-Paran\u00e1"},"content":{"rendered":"<p class=\"x_MsoNormal\">A C\u00e2mara dos Vereadores de Ji-Paran\u00e1 (CMJP) empossou o suplente Gilberto Wosniach, o Beto (PR), substituindo, por at\u00e9 120 dias, o vereador Clodoaldo Cardoso (PR), que pediu licen\u00e7a do cargo na sess\u00e3o ordin\u00e1ria de ter\u00e7a-feira (17), por responder a processo criminal por homic\u00eddio.<\/p>\n<p class=\"x_MsoNormal\">\u00a0Segundo o presidente da CMJP, Affonso C\u00e2ndido (DEM), est\u00e1 sendo cumprido o regimento interno que permite o afastamento do vereador, sem remunera\u00e7\u00e3o, por at\u00e9 120 dias. \u201cAssim que comunicamos o fato \u00e0 Justi\u00e7a Eleitoral, foi determinada a posse do suplente\u201d, assinalou.<\/p>\n<p class=\"x_MsoNormal\">O pedido de afastamento de Clodoaldo Cardoso foi aprovado na 10\u00aa sess\u00e3o ordin\u00e1ria de ter\u00e7a-feira (17). Foram nove votos a favor, tr\u00eas contra e cinco aus\u00eancias. O vereador est\u00e1 detido desde o dia 15 de fevereiro. \u201cO vereador Clodoaldo continua sendo dono do mandato\u201d, lembrou Affonso C\u00e2ndido.<\/p>\n<figure id=\"attachment_17762\" aria-describedby=\"caption-attachment-17762\" style=\"width: 615px\" class=\"wp-caption alignnone\"><img decoding=\"async\" class=\"size-full wp-image-17762 lazyload\" data-src=\"https:\/\/folhaderondonianews.com\/news\/wp-content\/uploads\/2018\/04\/GilbertoWosniach-o-Beto.jpg\" alt=\"O novo vereador afirmou que assume consciente da import\u00e2ncia do cargo e que pretende exercer a fun\u00e7\u00e3o com honestidade e transpar\u00eancia. Foto: Marcos Gomes\/Decom\" width=\"615\" height=\"410\" data-srcset=\"https:\/\/folhaderondonianews.com\/news\/wp-content\/uploads\/2018\/04\/GilbertoWosniach-o-Beto.jpg 615w, https:\/\/folhaderondonianews.com\/news\/wp-content\/uploads\/2018\/04\/GilbertoWosniach-o-Beto-300x200.jpg 300w\" data-sizes=\"(max-width: 615px) 100vw, 615px\" src=\"data:image\/svg+xml;base64,PHN2ZyB3aWR0aD0iMSIgaGVpZ2h0PSIxIiB4bWxucz0iaHR0cDovL3d3dy53My5vcmcvMjAwMC9zdmciPjwvc3ZnPg==\" style=\"--smush-placeholder-width: 615px; --smush-placeholder-aspect-ratio: 615\/410;\" \/><figcaption id=\"caption-attachment-17762\" class=\"wp-caption-text\">O novo vereador afirmou que assume consciente da import\u00e2ncia do cargo e que pretende exercer a fun\u00e7\u00e3o com honestidade e transpar\u00eancia. Foto: Marcos Gomes\/Decom<\/figcaption><\/figure>\n<p class=\"x_MsoNormal\">\u201cPrometo cumprir a Constitui\u00e7\u00e3o da Rep\u00fablica Federativa do Brasil, a Constitui\u00e7\u00e3o do Estado de Rond\u00f4nia, a Lei Org\u00e2nica do munic\u00edpio de Ji-Paran\u00e1 e as demais leis, desempenhando com lealdade o mandato que me foi outorgado, promover o bem geral do povo de Ji-Paran\u00e1, exercendo com patriotismo as fun\u00e7\u00f5es de meu cargo\u201d, jurou o novo vereador.<\/p>\n<p class=\"x_MsoNormal\">\u00a0No discurso de posse, Beto\u00a0Wosniach afirmou que assume consciente da import\u00e2ncia do cargo de vereador e que pretende exercer a fun\u00e7\u00e3o com honestidade e transpar\u00eancia. \u201cEstou disposto a trabalhar pela comunidade e por aqueles que confiaram em mim, me dando o voto de confian\u00e7a\u201d, garantiu.<\/p>\n<p class=\"x_MsoNormal\">Wosniach \u00e9 servidor p\u00fablico estadual, tem 37 anos, e \u00e9 casado. Nas elei\u00e7\u00f5es municipais de 2016, obteve 716 votos pela coliga\u00e7\u00e3o Mudar para Crescer. \u201cEstou certo que devo obter o apoio desta Casa para que eu possa desenvolver o meu trabalho\u201d, admitiu.<\/p>\n<p class=\"x_MsoNormal\">Participaram da solenidade o prefeito de Ji-Paran\u00e1, Marcito Pinto (PDT), o deputado federal, Marcos Rog\u00e9rio (DEM), estadual Anderson do Singeperon (PRB), e os vereadores Edilson Vieira (MDB), Silvia Cristina (PDT), Ademilson Proc\u00f3pio (PTB), Joaquim Teixeira (MDB), Jhony Paix\u00e3o (PRB), Lorenil Gomes (PTB), Ida Fernandes (PV) e Du Galdino (PSDB) e Cl\u00e1udia de Jesus (PT).<\/p>\n","protected":false},"excerpt":{"rendered":"<div class=\"mh-excerpt\"><p>A C\u00e2mara dos Vereadores de Ji-Paran\u00e1 (CMJP) empossou o suplente Gilberto Wosniach, o Beto (PR), substituindo, por at\u00e9 120 dias, o vereador Clodoaldo Cardoso (PR), <a class=\"mh-excerpt-more\" href=\"https:\/\/folhaderondonianews.com\/news\/2018\/04\/20\/empossado-novo-vereador-de-ji-parana\/\" title=\"Empossado novo vereador de Ji-Paran\u00e1\">[&#8230;]<\/a><\/p>\n<\/div>","protected":false},"author":1,"featured_media":17763,"comment_status":"open","ping_status":"closed","sticky":false,"template":"","format":"standard","meta":{"footnotes":""},"categories":[9],"tags":[3031,99,3032],"class_list":["post-17761","post","type-post","status-publish","format-standard","has-post-thumbnail","hentry","category-politica","tag-gilberto-wosniach","tag-ji-parana","tag-o-beto"],"_links":{"self":[{"href":"https:\/\/folhaderondonianews.com\/news\/wp-json\/wp\/v2\/posts\/17761","targetHints":{"allow":["GET"]}}],"collection":[{"href":"https:\/\/folhaderondonianews.com\/news\/wp-json\/wp\/v2\/posts"}],"about":[{"href":"https:\/\/folhaderondonianews.com\/news\/wp-json\/wp\/v2\/types\/post"}],"author":[{"embeddable":true,"href":"https:\/\/folhaderondonianews.com\/news\/wp-json\/wp\/v2\/users\/1"}],"replies":[{"embeddable":true,"href":"https:\/\/folhaderondonianews.com\/news\/wp-json\/wp\/v2\/comments?post=17761"}],"version-history":[{"count":0,"href":"https:\/\/folhaderondonianews.com\/news\/wp-json\/wp\/v2\/posts\/17761\/revisions"}],"wp:featuredmedia":[{"embeddable":true,"href":"https:\/\/folhaderondonianews.com\/news\/wp-json\/wp\/v2\/media\/17763"}],"wp:attachment":[{"href":"https:\/\/folhaderondonianews.com\/news\/wp-json\/wp\/v2\/media?parent=17761"}],"wp:term":[{"taxonomy":"category","embeddable":true,"href":"https:\/\/folhaderondonianews.com\/news\/wp-json\/wp\/v2\/categories?post=17761"},{"taxonomy":"post_tag","embeddable":true,"href":"https:\/\/folhaderondonianews.com\/news\/wp-json\/wp\/v2\/tags?post=17761"}],"curies":[{"name":"wp","href":"https:\/\/api.w.org\/{rel}","templated":true}]}}