{"id":17771,"date":"2018-04-20T16:41:17","date_gmt":"2018-04-20T20:41:17","guid":{"rendered":"http:\/\/folhaderondonianews.com\/news\/?p=17771"},"modified":"2018-04-20T17:22:52","modified_gmt":"2018-04-20T21:22:52","slug":"radialista-de-rondonia-sofre-atentado-a-bala-na-curva-da-morte","status":"publish","type":"post","link":"https:\/\/folhaderondonianews.com\/news\/2018\/04\/20\/radialista-de-rondonia-sofre-atentado-a-bala-na-curva-da-morte\/","title":{"rendered":"Radialista de Rond\u00f4nia sofre atentado \u00e0 bala na &#8216;curva da morte&#8217;"},"content":{"rendered":"<p>\u00c9 grave o estado de sa\u00fade do radialista Hamilton Alves, v\u00edtima de tr\u00eas tiros quando estava a caminho de Jaru na tarde de hoje. Hamilton foi surpreendido por um pistoleiro que estava na garupa de uma motocicleta na curva da morte, entre Jaru e Ouro Preto do Oeste, regi\u00e3o central de Rond\u00f4nia. Um dos tiros atingiu o rosto e as outras balas nas costas e no peito do radialista que trabalha em Jaru h\u00e1 mais de uma d\u00e9cada.<\/p>\n<p><img decoding=\"async\" class=\"wp-image-17772 alignleft lazyload\" data-src=\"https:\/\/folhaderondonianews.com\/news\/wp-content\/uploads\/2018\/04\/hamilton-alves-atentanto-a-bala.jpg\" alt=\"\" width=\"190\" height=\"93\" data-srcset=\"https:\/\/folhaderondonianews.com\/news\/wp-content\/uploads\/2018\/04\/hamilton-alves-atentanto-a-bala.jpg 846w, https:\/\/folhaderondonianews.com\/news\/wp-content\/uploads\/2018\/04\/hamilton-alves-atentanto-a-bala-300x147.jpg 300w\" data-sizes=\"(max-width: 190px) 100vw, 190px\" src=\"data:image\/svg+xml;base64,PHN2ZyB3aWR0aD0iMSIgaGVpZ2h0PSIxIiB4bWxucz0iaHR0cDovL3d3dy53My5vcmcvMjAwMC9zdmciPjwvc3ZnPg==\" style=\"--smush-placeholder-width: 190px; --smush-placeholder-aspect-ratio: 190\/93;\" \/>Hamilton, que\u00a0 mora em Ouro Preto e apresenta programa\u00a0todos os dias na Nova Jaru FM, foi levado para Porto Velho. A <strong>Folha de Rond\u00f4nia News<\/strong> aguarda informa\u00e7\u00f5es sobre o estado de sa\u00fade do radialista, que recebeu os primeiro socorros ainda em Jaru.<\/p>\n<p>Pelo fato de Hamilton ser enf\u00e1tico nas cr\u00edticas que faz em seu programa di\u00e1rio, amplia muitas hip\u00f3teses sobre autoria e mando\u00a0do crime o que pode abranger quest\u00f5es de ordem pessoal, criminoso n\u00e3o\u00a0satisfeito com cr\u00edticas recebidas e at\u00e9 de ordem pol\u00edtica. Nada ser\u00e1 descartado nas investiga\u00e7\u00f5es.<\/p>\n<p>&nbsp;<\/p>\n","protected":false},"excerpt":{"rendered":"<div class=\"mh-excerpt\"><p>\u00c9 grave o estado de sa\u00fade do radialista Hamilton Alves, v\u00edtima de tr\u00eas tiros quando estava a caminho de Jaru na tarde de hoje. Hamilton <a class=\"mh-excerpt-more\" href=\"https:\/\/folhaderondonianews.com\/news\/2018\/04\/20\/radialista-de-rondonia-sofre-atentado-a-bala-na-curva-da-morte\/\" title=\"Radialista de Rond\u00f4nia sofre atentado \u00e0 bala na &#8216;curva da morte&#8217;\">[&#8230;]<\/a><\/p>\n<\/div>","protected":false},"author":1,"featured_media":17773,"comment_status":"open","ping_status":"closed","sticky":false,"template":"","format":"standard","meta":{"footnotes":""},"categories":[11],"tags":[3034,3033,207,3035],"class_list":["post-17771","post","type-post","status-publish","format-standard","has-post-thumbnail","hentry","category-policia","tag-atentado-a-bala","tag-hamilton-alves","tag-jaru","tag-radialista"],"_links":{"self":[{"href":"https:\/\/folhaderondonianews.com\/news\/wp-json\/wp\/v2\/posts\/17771","targetHints":{"allow":["GET"]}}],"collection":[{"href":"https:\/\/folhaderondonianews.com\/news\/wp-json\/wp\/v2\/posts"}],"about":[{"href":"https:\/\/folhaderondonianews.com\/news\/wp-json\/wp\/v2\/types\/post"}],"author":[{"embeddable":true,"href":"https:\/\/folhaderondonianews.com\/news\/wp-json\/wp\/v2\/users\/1"}],"replies":[{"embeddable":true,"href":"https:\/\/folhaderondonianews.com\/news\/wp-json\/wp\/v2\/comments?post=17771"}],"version-history":[{"count":0,"href":"https:\/\/folhaderondonianews.com\/news\/wp-json\/wp\/v2\/posts\/17771\/revisions"}],"wp:featuredmedia":[{"embeddable":true,"href":"https:\/\/folhaderondonianews.com\/news\/wp-json\/wp\/v2\/media\/17773"}],"wp:attachment":[{"href":"https:\/\/folhaderondonianews.com\/news\/wp-json\/wp\/v2\/media?parent=17771"}],"wp:term":[{"taxonomy":"category","embeddable":true,"href":"https:\/\/folhaderondonianews.com\/news\/wp-json\/wp\/v2\/categories?post=17771"},{"taxonomy":"post_tag","embeddable":true,"href":"https:\/\/folhaderondonianews.com\/news\/wp-json\/wp\/v2\/tags?post=17771"}],"curies":[{"name":"wp","href":"https:\/\/api.w.org\/{rel}","templated":true}]}}