{"id":18049,"date":"2018-05-17T14:59:32","date_gmt":"2018-05-17T18:59:32","guid":{"rendered":"http:\/\/folhaderondonianews.com\/news\/?p=18049"},"modified":"2018-05-17T14:59:32","modified_gmt":"2018-05-17T18:59:32","slug":"bolsonaro-sofre-derrota-no-tse-em-processo-contra-pesquisa-datafolha","status":"publish","type":"post","link":"https:\/\/folhaderondonianews.com\/news\/2018\/05\/17\/bolsonaro-sofre-derrota-no-tse-em-processo-contra-pesquisa-datafolha\/","title":{"rendered":"Bolsonaro sofre derrota no TSE em processo contra pesquisa Datafolha"},"content":{"rendered":"<p>O plen\u00e1rio do Tribunal Superior Eleitoral (TSE) rejeitou hoje (17), por unanimidade (sete votos), uma reclama\u00e7\u00e3o do deputado e pr\u00e9-candidato \u00e0 presid\u00eancia da Rep\u00fablica Jair Bolsonaro (PSL-RJ) contra a empresa de pesquisa Datafolha, a quem acusava de difam\u00e1-lo.<\/p>\n<p>Em janeiro, o deputado havia tentado impedir a divulga\u00e7\u00e3o\u00a0de uma pesquisa que questionava aos entrevistados se tinham conhecimento \u201csobre den\u00fancias envolvendo o aumento do patrim\u00f4nio da fam\u00edlia do deputado Jair Bolsonaro desde o in\u00edcio da sua carreira pol\u00edtica.&#8221;<\/p>\n<p>Na ocasi\u00e3o, o relator do caso, ministro S\u00e9rgio Banhos, negou o pedido de liminar (decis\u00e3o provis\u00f3ria) e permitiu a divulga\u00e7\u00e3o da pesquisa. Nesta quinta-feira, o plen\u00e1rio do TSE deu suporte ao relator, mantendo a legitimidade do levantamento.<\/p>\n<p>A defesa de Bolsonaro alegava que o uso da palavra \u201cden\u00fancias\u201d despertava no entrevistado um estado emocional contr\u00e1rio ao deputado e era difamat\u00f3ria, uma vez que o pol\u00edtico nunca foi alvo de den\u00fancia devido a seu aumento patrimonial.<\/p>\n<p>Para o advogado, o uso da palavra \u201cfaz incluir no subjetivo dos consultados a ideia de que esse acr\u00e9scimo teria sido imoral, il\u00edcito, e n\u00e3o fruto do trabalho honesto\u201d.<\/p>\n<p>Banhos rejeitou os argumentos. Para o relator, a palavra \u201cden\u00fancias\u201d n\u00e3o foi usada em sentido estritamente jur\u00eddico, mas em sentido \u201ccoloquial e gen\u00e9rico\u201d. Em raz\u00e3o disso, ele concluiu que \u201co conte\u00fado da pesquisa n\u00e3o foi suficiente para atribuir \u00e0 pecha de enriquecimento il\u00edcito ao recorrente Jair Messias Bolsonaro. Da mesma forma, n\u00e3o restou comprovado real preju\u00edzo a imagem pol\u00edtica\u201d.<\/p>\n<p>Na pesquisa, 66% por cento dos entrevistados responderam desconhecer \u201cden\u00fancias\u201d sobre o aumento de patrim\u00f4nio de Bolsonaro e sua fam\u00edlia. Outros 18% disseram ter conhecimento e estar mais ou menos informado, enquanto 9% responderam ter conhecimento e estar muito bem informado e 7% disseram ter conhecimento e estar mal informado.<\/p>\n<p><strong>Liberdade de informa\u00e7\u00e3o<\/strong><\/p>\n<p>Durante o julgamento, o procurador-geral Eleitoral, Humberto Jacques, destacou que o caso serve como importante precedente, sendo a primeira vez que o TSE estabelece um entendimento sobre pesquisas eleitorais para as elei\u00e7\u00f5es deste ano.<\/p>\n<p>Ao refutar a reclama\u00e7\u00e3o, Jacques defendeu a liberdade de informa\u00e7\u00e3o, express\u00e3o e di\u00e1logo. \u201cUma pesquisa eleitoral nada mais \u00e9 do que uma entrevista feita a muito mais pessoas do que a uma s\u00f3 pessoa\u201d, disse. \u201cE que problema h\u00e1 em se perguntar a milhares de pessoas algo?\u201d, indagou.<\/p>\n<p>\u201cDescabe \u00e0 Justi\u00e7a Eleitoral controlar as perguntas que jornalistas fazem a seus entrevistados e as perguntas que os institutos de pesquisa ligados a empresa jornal\u00edsticas fazem a sua majestade o povo em pesquisas eleitorais em fase pr\u00e9-eleitoral\u201d, afirmou o procurador.<\/p>\n<div class=\"edicao\">Edi\u00e7\u00e3o:\u00a0<span class=\"txtJustica\">Val\u00e9ria Aguiar<\/span><\/div>\n","protected":false},"excerpt":{"rendered":"<div class=\"mh-excerpt\"><p>O plen\u00e1rio do Tribunal Superior Eleitoral (TSE) rejeitou hoje (17), por unanimidade (sete votos), uma reclama\u00e7\u00e3o do deputado e pr\u00e9-candidato \u00e0 presid\u00eancia da Rep\u00fablica Jair <a class=\"mh-excerpt-more\" href=\"https:\/\/folhaderondonianews.com\/news\/2018\/05\/17\/bolsonaro-sofre-derrota-no-tse-em-processo-contra-pesquisa-datafolha\/\" title=\"Bolsonaro sofre derrota no TSE em processo contra pesquisa Datafolha\">[&#8230;]<\/a><\/p>\n<\/div>","protected":false},"author":1,"featured_media":18050,"comment_status":"open","ping_status":"closed","sticky":false,"template":"","format":"standard","meta":{"footnotes":""},"categories":[9],"tags":[546,3164,862,3163,514],"class_list":["post-18049","post","type-post","status-publish","format-standard","has-post-thumbnail","hentry","category-politica","tag-bolsonaro","tag-datafolha","tag-pesquisa","tag-sofre-derrota","tag-tse"],"_links":{"self":[{"href":"https:\/\/folhaderondonianews.com\/news\/wp-json\/wp\/v2\/posts\/18049","targetHints":{"allow":["GET"]}}],"collection":[{"href":"https:\/\/folhaderondonianews.com\/news\/wp-json\/wp\/v2\/posts"}],"about":[{"href":"https:\/\/folhaderondonianews.com\/news\/wp-json\/wp\/v2\/types\/post"}],"author":[{"embeddable":true,"href":"https:\/\/folhaderondonianews.com\/news\/wp-json\/wp\/v2\/users\/1"}],"replies":[{"embeddable":true,"href":"https:\/\/folhaderondonianews.com\/news\/wp-json\/wp\/v2\/comments?post=18049"}],"version-history":[{"count":0,"href":"https:\/\/folhaderondonianews.com\/news\/wp-json\/wp\/v2\/posts\/18049\/revisions"}],"wp:featuredmedia":[{"embeddable":true,"href":"https:\/\/folhaderondonianews.com\/news\/wp-json\/wp\/v2\/media\/18050"}],"wp:attachment":[{"href":"https:\/\/folhaderondonianews.com\/news\/wp-json\/wp\/v2\/media?parent=18049"}],"wp:term":[{"taxonomy":"category","embeddable":true,"href":"https:\/\/folhaderondonianews.com\/news\/wp-json\/wp\/v2\/categories?post=18049"},{"taxonomy":"post_tag","embeddable":true,"href":"https:\/\/folhaderondonianews.com\/news\/wp-json\/wp\/v2\/tags?post=18049"}],"curies":[{"name":"wp","href":"https:\/\/api.w.org\/{rel}","templated":true}]}}