{"id":18052,"date":"2018-05-17T17:39:16","date_gmt":"2018-05-17T21:39:16","guid":{"rendered":"http:\/\/folhaderondonianews.com\/news\/?p=18052"},"modified":"2018-05-17T17:39:16","modified_gmt":"2018-05-17T21:39:16","slug":"partidos-terao-mais-90-dias-para-fazer-prestacao-de-contas-de-2017","status":"publish","type":"post","link":"https:\/\/folhaderondonianews.com\/news\/2018\/05\/17\/partidos-terao-mais-90-dias-para-fazer-prestacao-de-contas-de-2017\/","title":{"rendered":"Partidos ter\u00e3o mais 90 dias para fazer presta\u00e7\u00e3o de contas de 2017"},"content":{"rendered":"<p>O Tribunal Superior Eleitoral (TSE) deu mais 90 dias para os partidos apresentarem, complementarem ou corrigirem as presta\u00e7\u00f5es de conta referentes ao ano de 2017. A decis\u00e3o foi tomada pelos ministros por unanimidade hoje (17). O prazo conta a partir do dia 30 de abril, prazo inicial para cumprir com esta obriga\u00e7\u00e3o.<\/p>\n<p>A decis\u00e3o foi tomada no \u00e2mbito da an\u00e1lise de um pedido assinado pelos partidos\u00a0Avante, PCdoB, PMDB, PMN, PPS, PP, PROS, PSDC, PRP, PTB, PTC e PT, que solicitaram a suspens\u00e3o do sistema eletr\u00f4nico criado pelo Tribunal para que as legendas enviem suas contas, denominado Sistema de Presta\u00e7\u00e3o de Contas Anual.<\/p>\n<p>Os partidos reclamam de problemas operacionais do sistema. Tamb\u00e9m ponderam que n\u00e3o foram chamados a participar do debate sobre seus requisitos. Embora reconhe\u00e7am a import\u00e2ncia de uma ferramenta desta, a classificam no documento como \u201cinadequada\u201d e listaram 11 falhas.<\/p>\n<p>O sistema n\u00e3o permite, segundo as legendas, a inser\u00e7\u00e3o de informa\u00e7\u00f5es financeiras importantes na presta\u00e7\u00e3o de contas, como o recebimento de pagamentos e reembolsos de pessoa jur\u00eddica. Na avalia\u00e7\u00e3o das agremia\u00e7\u00f5es,o aplicativo ainda est\u00e1 em fase experimental, n\u00e3o devendo ser exigido de forma obrigat\u00f3ria para o processo de presta\u00e7\u00e3o de contas.<\/p>\n<p>Em raz\u00e3o destes problemas, os partidos solicitaram na peti\u00e7\u00e3o que o sistema s\u00f3 seja utilizados no exerc\u00edcio seguinte \u00e0quele em que se chegou a uma vers\u00e3o final do programa. Antes disso, pediram a cria\u00e7\u00e3o de um grupo de trabalho com o objetivo de propor e realizar ajustes na ferramenta.<\/p>\n<div class=\"dnd-widget-wrapper context-medio_4colunas type-image atom-align-left\">\n<div class=\"dnd-atom-rendered\">\n<figure class=\"mejs-fotoh-wrapper\"><\/figure>\n<\/div>\n<div class=\"dnd-caption-wrapper\">\n<h6 class=\"meta\">Sede\u00a0do Tribunal Superior Eleitoral\u00a0&#8211;\u00a0Divulga\u00e7\u00e3o\/TSE<\/h6>\n<\/div>\n<\/div>\n<p>Ao analisar a peti\u00e7\u00e3o, a\u00a0Assessoria de Exame de Contas Eleitorais e Partid\u00e1rias e a Secretaria de Tecnologia da Informa\u00e7\u00e3o, unidades do TSE, registraram que os partidos demoraram para se cadastrar no sistema, que as atualiza\u00e7\u00f5es fazem parte de qualquer sistema e que os problemas apontados n\u00e3o comprometem a presta\u00e7\u00e3o de contas, uma vez que 75% dos registros presentes no sistema foram enviados pelos diret\u00f3rios nacionais dos partidos.<\/p>\n<p>No julgamento, foi avaliado que, devido \u00e0 novidade do sistema, seria importante assegurar um prazo mais largo para que os partidos pudessem acrescentar ou corrigir dados sem que isso gerasse problemas.<\/p>\n","protected":false},"excerpt":{"rendered":"<div class=\"mh-excerpt\"><p>O prazo conta a partir do dia 30 de abril, prazo inicial para cumprir com esta obriga\u00e7\u00e3o.<\/p>\n<\/div>","protected":false},"author":1,"featured_media":18053,"comment_status":"open","ping_status":"closed","sticky":false,"template":"","format":"standard","meta":{"footnotes":""},"categories":[9],"tags":[1151,3165,2800,226],"class_list":["post-18052","post","type-post","status-publish","format-standard","has-post-thumbnail","hentry","category-politica","tag-eleitoral","tag-prestacao-de-contas","tag-superior","tag-tribunal"],"_links":{"self":[{"href":"https:\/\/folhaderondonianews.com\/news\/wp-json\/wp\/v2\/posts\/18052","targetHints":{"allow":["GET"]}}],"collection":[{"href":"https:\/\/folhaderondonianews.com\/news\/wp-json\/wp\/v2\/posts"}],"about":[{"href":"https:\/\/folhaderondonianews.com\/news\/wp-json\/wp\/v2\/types\/post"}],"author":[{"embeddable":true,"href":"https:\/\/folhaderondonianews.com\/news\/wp-json\/wp\/v2\/users\/1"}],"replies":[{"embeddable":true,"href":"https:\/\/folhaderondonianews.com\/news\/wp-json\/wp\/v2\/comments?post=18052"}],"version-history":[{"count":0,"href":"https:\/\/folhaderondonianews.com\/news\/wp-json\/wp\/v2\/posts\/18052\/revisions"}],"wp:featuredmedia":[{"embeddable":true,"href":"https:\/\/folhaderondonianews.com\/news\/wp-json\/wp\/v2\/media\/18053"}],"wp:attachment":[{"href":"https:\/\/folhaderondonianews.com\/news\/wp-json\/wp\/v2\/media?parent=18052"}],"wp:term":[{"taxonomy":"category","embeddable":true,"href":"https:\/\/folhaderondonianews.com\/news\/wp-json\/wp\/v2\/categories?post=18052"},{"taxonomy":"post_tag","embeddable":true,"href":"https:\/\/folhaderondonianews.com\/news\/wp-json\/wp\/v2\/tags?post=18052"}],"curies":[{"name":"wp","href":"https:\/\/api.w.org\/{rel}","templated":true}]}}