{"id":18177,"date":"2018-05-25T22:22:35","date_gmt":"2018-05-26T02:22:35","guid":{"rendered":"http:\/\/folhaderondonianews.com\/news\/?p=18177"},"modified":"2018-05-25T22:22:35","modified_gmt":"2018-05-26T02:22:35","slug":"conta-de-luz-tera-bandeira-tarifaria-mais-cara-em-junho","status":"publish","type":"post","link":"https:\/\/folhaderondonianews.com\/news\/2018\/05\/25\/conta-de-luz-tera-bandeira-tarifaria-mais-cara-em-junho\/","title":{"rendered":"Conta de luz ter\u00e1 bandeira tarif\u00e1ria mais cara em junho"},"content":{"rendered":"<p>As contas de luz em junho ter\u00e3o\u00a0bandeira tarif\u00e1ria vermelha no patamar 2, o maior patamar entre as faixas tarif\u00e1rias. Com isso, haver\u00e1 cobran\u00e7a extra nas contas de luz de R$ 5,00 a cada 100 quilowatts-hora (kWh) consumidos. A cobran\u00e7a da nova bandeira foi anunciada\u00a0hoje\u00a0(25) pela Ag\u00eancia Nacional de Energia El\u00e9trica (Aneel).<\/p>\n<p>De acordo com a Aneel, a decis\u00e3o foi tomada em raz\u00e3o do fim do per\u00edodo chuvoso e a redu\u00e7\u00e3o no volume dos reservat\u00f3rios das usinas hidrel\u00e9tricas. Com isso, h\u00e1 a necessidade de usar energia produzida pelas usinas termel\u00e9tricas, que t\u00eam maior custo de produ\u00e7\u00e3o.<\/p>\n<p>&#8220;Com o fim do per\u00edodo \u00famido, os reservat\u00f3rios do Sul apresentaram redu\u00e7\u00e3o de volume provocando o aumento do risco hidrol\u00f3gico (GSF) e o pre\u00e7o da energia no mercado de curto prazo (PLD). Al\u00e9m disso, a previs\u00e3o de chuvas \u00e9 baixa quando comparada \u00e0 m\u00e9dia hist\u00f3rica. O GSF e o PLD s\u00e3o\u00a0as duas vari\u00e1veis que determinam a cor da bandeira a ser acionada&#8221;, disse a ag\u00eancia.<\/p>\n<p>Em maio, vigorou a bandeira tarif\u00e1ria amarela, em que h\u00e1 adicional de R$ 1\u00a0na conta de energia do consumidor a cada 100 kWh consumidos. Nos quatro primeiros meses dos ano, vigorou a bandeira verde, em que n\u00e3o h\u00e1 cobran\u00e7a extra na conta de luz.<\/p>\n<p>Na\u00a0ter\u00e7a-feira (22), o presidente da Aneel, Romeu Rufino\u00a0<a href=\"http:\/\/agenciabrasil.ebc.com.br\/economia\/noticia\/2018-05\/junho-deve-ter-bandeira-tarifaria-amarela-preve-diretor-da-aneel\" target=\"_blank\" rel=\"noopener noreferrer\">chegou a afirmar<\/a>\u00a0que a tend\u00eancia era de manuten\u00e7\u00e3o da bandeira amarela. Segundo Rufino n\u00e3o houve altera\u00e7\u00f5es relevantes nas condi\u00e7\u00f5es que levaram a ag\u00eancia a adotar a bandeira amarela agora em maio.<\/p>\n<h2>Sistema<\/h2>\n<p>O sistema de bandeiras tarif\u00e1rias foi criado, de acordo com a Aneel, para sinalizar aos consumidores os custos reais da gera\u00e7\u00e3o de energia el\u00e9trica. A ado\u00e7\u00e3o de cada bandeira, nas cores verde, amarela e vermelha (patamar 1 e 2),\u00a0est\u00e1 relacionada aos custos da gera\u00e7\u00e3o de energia el\u00e9trica.\u00a0No patamar 1, o adicional nas contas de luz \u00e9 de R$ 3,00\u00a0a cada 100 kWh; j\u00e1 no 2, o valor extra sobe para R$ 5,00.<\/p>\n<p>Com a ado\u00e7\u00e3o da bandeira vermelha, a Aneel aconselha os consumidores a adotar h\u00e1bitos que contribuam para a economia de energia, como tomar banhos mais curtos utilizando o chuveiro el\u00e9trico, n\u00e3o deixar a porta da geladeira aberta e n\u00e3o deixar portas e janelas abertas em ambientes com ar condicionado, entre outros.<\/p>\n<p>Luciano Nascimento &#8211; Rep\u00f3rter da Ag\u00eancia Brasil<\/p>\n<div class=\"edicao\">Edi\u00e7\u00e3o:\u00a0<span class=\"txtEconomia\">Sabrina Craide<\/span><\/div>\n<div class=\"tags\"><\/div>\n","protected":false},"excerpt":{"rendered":"<div class=\"mh-excerpt\"><p>De acordo com a Aneel, a decis\u00e3o foi tomada em raz\u00e3o do fim do per\u00edodo chuvoso e a redu\u00e7\u00e3o no volume dos reservat\u00f3rios das usinas hidrel\u00e9tricas.<\/p>\n<\/div>","protected":false},"author":1,"featured_media":18178,"comment_status":"open","ping_status":"closed","sticky":false,"template":"","format":"standard","meta":{"footnotes":""},"categories":[5],"tags":[3196,3198,3197,1651],"class_list":["post-18177","post","type-post","status-publish","format-standard","has-post-thumbnail","hentry","category-brasil","tag-aneel","tag-bandeira-tarifaria","tag-eletrica","tag-energia"],"_links":{"self":[{"href":"https:\/\/folhaderondonianews.com\/news\/wp-json\/wp\/v2\/posts\/18177","targetHints":{"allow":["GET"]}}],"collection":[{"href":"https:\/\/folhaderondonianews.com\/news\/wp-json\/wp\/v2\/posts"}],"about":[{"href":"https:\/\/folhaderondonianews.com\/news\/wp-json\/wp\/v2\/types\/post"}],"author":[{"embeddable":true,"href":"https:\/\/folhaderondonianews.com\/news\/wp-json\/wp\/v2\/users\/1"}],"replies":[{"embeddable":true,"href":"https:\/\/folhaderondonianews.com\/news\/wp-json\/wp\/v2\/comments?post=18177"}],"version-history":[{"count":0,"href":"https:\/\/folhaderondonianews.com\/news\/wp-json\/wp\/v2\/posts\/18177\/revisions"}],"wp:featuredmedia":[{"embeddable":true,"href":"https:\/\/folhaderondonianews.com\/news\/wp-json\/wp\/v2\/media\/18178"}],"wp:attachment":[{"href":"https:\/\/folhaderondonianews.com\/news\/wp-json\/wp\/v2\/media?parent=18177"}],"wp:term":[{"taxonomy":"category","embeddable":true,"href":"https:\/\/folhaderondonianews.com\/news\/wp-json\/wp\/v2\/categories?post=18177"},{"taxonomy":"post_tag","embeddable":true,"href":"https:\/\/folhaderondonianews.com\/news\/wp-json\/wp\/v2\/tags?post=18177"}],"curies":[{"name":"wp","href":"https:\/\/api.w.org\/{rel}","templated":true}]}}