{"id":18611,"date":"2018-06-13T22:12:37","date_gmt":"2018-06-14T02:12:37","guid":{"rendered":"http:\/\/folhaderondonianews.com\/news\/?p=18611"},"modified":"2018-06-13T22:12:37","modified_gmt":"2018-06-14T02:12:37","slug":"justica-determina-auxilio-moradia-a-vitimas-de-desabamento-de-edificio","status":"publish","type":"post","link":"https:\/\/folhaderondonianews.com\/news\/2018\/06\/13\/justica-determina-auxilio-moradia-a-vitimas-de-desabamento-de-edificio\/","title":{"rendered":"Justi\u00e7a determina aux\u00edlio-moradia a v\u00edtimas de desabamento de edif\u00edcio"},"content":{"rendered":"<p>ABr &#8211; O juiz Djalma Moreira Gomes deferiu, em audi\u00eancia hoje (13) na 25\u00aa Vara C\u00edvel Federal de S\u00e3o Paulo, o pedido de a\u00e7\u00e3o civil p\u00fablica para que seja feito o pagamento do aux\u00edlio-moradia por prazo indeterminado \u00e0s v\u00edtimas do desabamento do Edif\u00edcio Wilton Paes de Almeida, ap\u00f3s inc\u00eandio no dia 1\u00ba de maio deste ano. O aux\u00edlio deve se estender at\u00e9 a entrega de habita\u00e7\u00e3o definitiva pelo poder p\u00fablico, o que n\u00e3o tem prazo para ocorrer.<\/p>\n<p>O aux\u00edlio-moradia tem uma primeira parcela de R$ 1.200 e as seguintes de R$ 400. As pessoas cadastradas j\u00e1 come\u00e7aram a receber o benef\u00edcio, mas outros moradores ainda podem se cadastrar. De acordo com a prefeitura, at\u00e9 o momento, 152 fam\u00edlias que moravam no Edif\u00edcio Wilton Paes de Almeida se apresentaram e 139 j\u00e1 come\u00e7aram a receber o aux\u00edlio-moradia<\/p>\n<p>Apesar da decis\u00e3o da Justi\u00e7a, a Defensoria P\u00fablica do Estado de S\u00e3o Paulo informou que vai recorrer \u201cpor entender que o valor fixado n\u00e3o \u00e9 adequado e insistir\u00e1 para que o Poder P\u00fablico seja obrigado a fornecer atendimento definitivo \u00e0s fam\u00edlias\u201d.<\/p>\n<p>Autoras da a\u00e7\u00e3o civil p\u00fablica contra o munic\u00edpio, o estado e a Uni\u00e3o, as defensorias p\u00fablicas do estado e da Uni\u00e3o tinham pedido, al\u00e9m do pagamento de aux\u00edlio-moradia por tempo indeterminado, que fosse fornecido im\u00f3vel adequado para abrigar as fam\u00edlias v\u00edtimas do desabamento, oferecimento dos itens de necessidade b\u00e1sica \u00e0s fam\u00edlias acampadas no Largo do Paissandu, a instala\u00e7\u00e3o de banheiros qu\u00edmicos no local e que n\u00e3o houvesse remo\u00e7\u00f5es for\u00e7adas.<\/p>\n<p>Ap\u00f3s o inc\u00eandio e desabamento do Edif\u00edcio Wilton Paes de Almeida, grande parte das fam\u00edlias desabrigadas montaram um acampamento no Largo do Paissandu, localizado em frente ao local onde ficava o pr\u00e9dio. Essas pessoas permanecem na pra\u00e7a at\u00e9 hoje. No local h\u00e1 barracas, mas n\u00e3o h\u00e1 infraestrutura b\u00e1sica para atender essas fam\u00edlias.<\/p>\n<p>No dia 23 de maio, a Justi\u00e7a Federal em S\u00e3o Paulo havia determinado a instala\u00e7\u00e3o dos banheiros qu\u00edmicos no Largo do Paissandu. A prefeitura de S\u00e3o Paulo, que tinha o prazo de 48 horas para cumprir a decis\u00e3o judicial, realizou a instala\u00e7\u00e3o de dez banheiros em 1\u00ba de junho. O atraso de quase uma semana ocorreu, segundo o munic\u00edpio, devido aos bloqueios nas estradas em fun\u00e7\u00e3o da greve dos caminhoneiros.<\/p>\n<p>A trag\u00e9dia deixou deixou cinco mortos e duas pessoas desaparecidas ap\u00f3s o Edif\u00edcio Wilton Paes de Almeida pegar fogo e desabar. O pr\u00e9dio, de propriedade da Uni\u00e3o, era uma ocupa\u00e7\u00e3o irregular.<\/p>\n","protected":false},"excerpt":{"rendered":"<div class=\"mh-excerpt\"><p>Benef\u00edcios ser\u00e1 pago por tempo indeterminado a moradores.<\/p>\n<\/div>","protected":false},"author":1,"featured_media":18612,"comment_status":"open","ping_status":"closed","sticky":false,"template":"","format":"standard","meta":{"footnotes":""},"categories":[5],"tags":[3346],"class_list":["post-18611","post","type-post","status-publish","format-standard","has-post-thumbnail","hentry","category-brasil","tag-largo-do-paissandu"],"_links":{"self":[{"href":"https:\/\/folhaderondonianews.com\/news\/wp-json\/wp\/v2\/posts\/18611","targetHints":{"allow":["GET"]}}],"collection":[{"href":"https:\/\/folhaderondonianews.com\/news\/wp-json\/wp\/v2\/posts"}],"about":[{"href":"https:\/\/folhaderondonianews.com\/news\/wp-json\/wp\/v2\/types\/post"}],"author":[{"embeddable":true,"href":"https:\/\/folhaderondonianews.com\/news\/wp-json\/wp\/v2\/users\/1"}],"replies":[{"embeddable":true,"href":"https:\/\/folhaderondonianews.com\/news\/wp-json\/wp\/v2\/comments?post=18611"}],"version-history":[{"count":0,"href":"https:\/\/folhaderondonianews.com\/news\/wp-json\/wp\/v2\/posts\/18611\/revisions"}],"wp:featuredmedia":[{"embeddable":true,"href":"https:\/\/folhaderondonianews.com\/news\/wp-json\/wp\/v2\/media\/18612"}],"wp:attachment":[{"href":"https:\/\/folhaderondonianews.com\/news\/wp-json\/wp\/v2\/media?parent=18611"}],"wp:term":[{"taxonomy":"category","embeddable":true,"href":"https:\/\/folhaderondonianews.com\/news\/wp-json\/wp\/v2\/categories?post=18611"},{"taxonomy":"post_tag","embeddable":true,"href":"https:\/\/folhaderondonianews.com\/news\/wp-json\/wp\/v2\/tags?post=18611"}],"curies":[{"name":"wp","href":"https:\/\/api.w.org\/{rel}","templated":true}]}}