{"id":18760,"date":"2018-06-17T09:10:49","date_gmt":"2018-06-17T13:10:49","guid":{"rendered":"http:\/\/folhaderondonianews.com\/news\/?p=18760"},"modified":"2018-06-17T09:13:35","modified_gmt":"2018-06-17T13:13:35","slug":"morre-ao-cair-de-cabeca-de-carro-de-mudanca","status":"publish","type":"post","link":"https:\/\/folhaderondonianews.com\/news\/2018\/06\/17\/morre-ao-cair-de-cabeca-de-carro-de-mudanca\/","title":{"rendered":"Morre ao cair de cabe\u00e7a de carro de mudan\u00e7a\u00a0"},"content":{"rendered":"<p>Roberto Gutierrez &#8211; Um homem\u00a0de 42 anos morreu ao cair de cabe\u00e7a no asfalto da carroceria de uma\u00a0caminhonete\u00a0de mudan\u00e7a a 50 metros de dist\u00e2ncia do hospital municipal. O acidente aconteceu ontem, no fim da tarde, na cidade de Cabixi \u2013 extremo Sul de Rond\u00f4nia.<span data-ccp-props=\"{&quot;201341983&quot;:0,&quot;335559739&quot;:160,&quot;335559740&quot;:259}\">\u00a0<\/span><\/p>\n<p>Jo\u00e3o Gilmar Alcides da Silva\u00a0n\u00e3o resistiu ao traumatismo craniano e morreu antes da chegada do Corpo de Bombeiros.<br \/>\nA\u00a0caminhonete\u00a0a qual Jo\u00e3o ajudava a fazer\u00a0a mudan\u00e7a estava em baixa\u00a0velocidade.\u00a0Ele se desequilibrou e caiu. A v\u00edtima tinha tr\u00eas filhos, era separado e filho de uma\u00a0das pessoas\u00a0mais\u00a0conhecidas\u00a0de Cabixi: a feirante\u00a0Marilza\u00a0da Silva, que foi candidata a vereadora nas\u00a0\u00faltimas\u00a0duas elei\u00e7\u00f5es em Cabixi.<br \/>\nCom informa\u00e7\u00f5es da <a href=\"https:\/\/www.folhadosulonline.com.br\/noticias\/detalhe\/2018\/bracal-cai-picape-em-movimento-bate-cabeca-no-asfalto-e-morre-na-hora-em-cabixi\">FolhadoSulOnLine\u00a0<span data-ccp-props=\"{&quot;201341983&quot;:0,&quot;335559739&quot;:160,&quot;335559740&quot;:259}\">\u00a0<\/span><\/a><br \/>\n<img decoding=\"async\" class=\"alignnone size-full wp-image-18762 lazyload\" data-src=\"https:\/\/folhaderondonianews.com\/news\/wp-content\/uploads\/2018\/06\/Gilmar-Alcides-da-Silva.jpg\" alt=\"\" width=\"337\" height=\"200\" data-srcset=\"https:\/\/folhaderondonianews.com\/news\/wp-content\/uploads\/2018\/06\/Gilmar-Alcides-da-Silva.jpg 337w, https:\/\/folhaderondonianews.com\/news\/wp-content\/uploads\/2018\/06\/Gilmar-Alcides-da-Silva-300x178.jpg 300w\" data-sizes=\"(max-width: 337px) 100vw, 337px\" src=\"data:image\/svg+xml;base64,PHN2ZyB3aWR0aD0iMSIgaGVpZ2h0PSIxIiB4bWxucz0iaHR0cDovL3d3dy53My5vcmcvMjAwMC9zdmciPjwvc3ZnPg==\" style=\"--smush-placeholder-width: 337px; --smush-placeholder-aspect-ratio: 337\/200;\" \/><\/p>\n<p><strong>Considera\u00e7\u00f5es do Editor<\/strong><\/p>\n<p>Caminhonete em baix\u00edssima velocidade, desequilibra, cai de cabe\u00e7a no asfalto e morre a 50 metros do hospital. Definitivamente, foi muita falta de sorte da v\u00edtima &#8211; uma fatalidade.<\/p>\n","protected":false},"excerpt":{"rendered":"<div class=\"mh-excerpt\"><p>Um homem\u00a0de 42 anos morreu ao cair de cabe\u00e7a no asfalto da carroceria de uma\u00a0caminhonete\u00a0de mudan\u00e7a a 50 metros do hospital.<\/p>\n<\/div>","protected":false},"author":1,"featured_media":18761,"comment_status":"open","ping_status":"closed","sticky":false,"template":"","format":"standard","meta":{"footnotes":""},"categories":[3],"tags":[2205,3404,3403,94,3405],"class_list":["post-18760","post","type-post","status-publish","format-standard","has-post-thumbnail","hentry","category-cotidiano","tag-cabixi","tag-cai-de-cabeca","tag-joao-gilmar-alcides-da-silva","tag-morre","tag-mudanca"],"_links":{"self":[{"href":"https:\/\/folhaderondonianews.com\/news\/wp-json\/wp\/v2\/posts\/18760","targetHints":{"allow":["GET"]}}],"collection":[{"href":"https:\/\/folhaderondonianews.com\/news\/wp-json\/wp\/v2\/posts"}],"about":[{"href":"https:\/\/folhaderondonianews.com\/news\/wp-json\/wp\/v2\/types\/post"}],"author":[{"embeddable":true,"href":"https:\/\/folhaderondonianews.com\/news\/wp-json\/wp\/v2\/users\/1"}],"replies":[{"embeddable":true,"href":"https:\/\/folhaderondonianews.com\/news\/wp-json\/wp\/v2\/comments?post=18760"}],"version-history":[{"count":0,"href":"https:\/\/folhaderondonianews.com\/news\/wp-json\/wp\/v2\/posts\/18760\/revisions"}],"wp:featuredmedia":[{"embeddable":true,"href":"https:\/\/folhaderondonianews.com\/news\/wp-json\/wp\/v2\/media\/18761"}],"wp:attachment":[{"href":"https:\/\/folhaderondonianews.com\/news\/wp-json\/wp\/v2\/media?parent=18760"}],"wp:term":[{"taxonomy":"category","embeddable":true,"href":"https:\/\/folhaderondonianews.com\/news\/wp-json\/wp\/v2\/categories?post=18760"},{"taxonomy":"post_tag","embeddable":true,"href":"https:\/\/folhaderondonianews.com\/news\/wp-json\/wp\/v2\/tags?post=18760"}],"curies":[{"name":"wp","href":"https:\/\/api.w.org\/{rel}","templated":true}]}}