{"id":19252,"date":"2018-06-22T19:29:46","date_gmt":"2018-06-22T23:29:46","guid":{"rendered":"http:\/\/folhaderondonianews.com\/news\/?p=19252"},"modified":"2018-06-22T19:29:46","modified_gmt":"2018-06-22T23:29:46","slug":"justica-homologa-delacao-premiada-de-palocci","status":"publish","type":"post","link":"https:\/\/folhaderondonianews.com\/news\/2018\/06\/22\/justica-homologa-delacao-premiada-de-palocci\/","title":{"rendered":"Justi\u00e7a homologa dela\u00e7\u00e3o premiada de Palocci"},"content":{"rendered":"<p>ABr &#8211; O desembargador Jo\u00e3o Pedro Gebran Neto, do Tribunal Regional Federal da 4\u00aa Regi\u00e3o (TRF4), sediado em Porto Alegre, homologou\u00a0hoje\u00a0(22) os depoimentos de dela\u00e7\u00e3o premiada do ex-ministro da Fazenda Antonio Palocci com a Pol\u00edcia Federal (PF). Os depoimentos est\u00e3o em segredo de Justi\u00e7a, e o conte\u00fado n\u00e3o foi divulgado. Palocci est\u00e1 preso desde setembro de 2016 em fun\u00e7\u00e3o das investiga\u00e7\u00f5es da Opera\u00e7\u00e3o Lava Jato.<\/p>\n<p>O ex-ministro fechou os termos da\u00a0dela\u00e7\u00e3o com delegados respons\u00e1veis pelas investiga\u00e7\u00f5es da Lava Jato ap\u00f3s os procuradores do Minist\u00e9rio P\u00fablico Federal (MPF) rejeitarem o acordo. O ex-ministro foi condenado pelo juiz S\u00e9rgio Moro a 12 anos, dois meses e 20 dias de pris\u00e3o por corrup\u00e7\u00e3o passiva e lavagem de dinheiro em um dos processos da opera\u00e7\u00e3o.<\/p>\n<p>A decis\u00e3o foi tomada ap\u00f3s a decis\u00e3o do Supremo Tribunal Federal (STF), que, nesta semana, validou autoriza\u00e7\u00e3o legal para que delegados das pol\u00edcias Civil e Federal possam negociar dela\u00e7\u00f5es premiadas, conforme previsto na Lei de Organiza\u00e7\u00f5es Criminosas (12.850\/2013).<\/p>\n<div class=\"edicao\">Edi\u00e7\u00e3o:\u00a0<span class=\"txtJustica\">Juliana Andrade<\/span><\/div>\n","protected":false},"excerpt":{"rendered":"<div class=\"mh-excerpt\"><p>Desembargador Gebran Neto validou dela\u00e7\u00e3o nesta sexta. Teor de depoimentos segue em sigilo. PF poder\u00e1 agora usar depoimentos para aprofundar investiga\u00e7\u00f5es que envolvem fatos delatados por ele.<\/p>\n<\/div>","protected":false},"author":1,"featured_media":19253,"comment_status":"open","ping_status":"closed","sticky":false,"template":"","format":"standard","meta":{"footnotes":""},"categories":[11],"tags":[512,2999],"class_list":["post-19252","post","type-post","status-publish","format-standard","has-post-thumbnail","hentry","category-policia","tag-delacao-premiada","tag-palocci"],"_links":{"self":[{"href":"https:\/\/folhaderondonianews.com\/news\/wp-json\/wp\/v2\/posts\/19252","targetHints":{"allow":["GET"]}}],"collection":[{"href":"https:\/\/folhaderondonianews.com\/news\/wp-json\/wp\/v2\/posts"}],"about":[{"href":"https:\/\/folhaderondonianews.com\/news\/wp-json\/wp\/v2\/types\/post"}],"author":[{"embeddable":true,"href":"https:\/\/folhaderondonianews.com\/news\/wp-json\/wp\/v2\/users\/1"}],"replies":[{"embeddable":true,"href":"https:\/\/folhaderondonianews.com\/news\/wp-json\/wp\/v2\/comments?post=19252"}],"version-history":[{"count":0,"href":"https:\/\/folhaderondonianews.com\/news\/wp-json\/wp\/v2\/posts\/19252\/revisions"}],"wp:featuredmedia":[{"embeddable":true,"href":"https:\/\/folhaderondonianews.com\/news\/wp-json\/wp\/v2\/media\/19253"}],"wp:attachment":[{"href":"https:\/\/folhaderondonianews.com\/news\/wp-json\/wp\/v2\/media?parent=19252"}],"wp:term":[{"taxonomy":"category","embeddable":true,"href":"https:\/\/folhaderondonianews.com\/news\/wp-json\/wp\/v2\/categories?post=19252"},{"taxonomy":"post_tag","embeddable":true,"href":"https:\/\/folhaderondonianews.com\/news\/wp-json\/wp\/v2\/tags?post=19252"}],"curies":[{"name":"wp","href":"https:\/\/api.w.org\/{rel}","templated":true}]}}