{"id":20186,"date":"2018-08-24T11:57:16","date_gmt":"2018-08-24T15:57:16","guid":{"rendered":"http:\/\/folhaderondonianews.com\/news\/?p=20186"},"modified":"2018-08-24T11:57:16","modified_gmt":"2018-08-24T15:57:16","slug":"acir-vai-construir-hospital-regional-em-ji-parana","status":"publish","type":"post","link":"https:\/\/folhaderondonianews.com\/news\/2018\/08\/24\/acir-vai-construir-hospital-regional-em-ji-parana\/","title":{"rendered":"Acir vai construir Hospital Regional em Ji-Paran\u00e1"},"content":{"rendered":"<p dir=\"ltr\">A constru\u00e7\u00e3o do Hospital Regional de Ji-Paran\u00e1 ser\u00e1 uma das prioridades de Acir Gurgacz (PDT) no governo de Rond\u00f4nia. O compromisso foi reafirmado em uma reuni\u00e3o com vereadores de Alvorada do Oeste. Acir e o candidato ao Senado, Jesualdo Pires (PSB), da coliga\u00e7\u00e3o \u201cJuntos por um novo tempo para Rond\u00f4nia\u201d, estiveram nesta quinta, 23, em Alvorada do Oeste e Presidente M\u00e9dici.<\/p>\n<p dir=\"ltr\">Na discuss\u00e3o sobre a Sa\u00fade de Alvorada, que ainda sofre com a falta de investimentos, Acir explicou que vai aumentar os repasses para os munic\u00edpios e criar polos regionais. \u00a0\u201cJi-Paran\u00e1 vai ter um novo centro regional de sa\u00fade, interligado \u00e0s Unidades B\u00e1sicas para atender a popula\u00e7\u00e3o de toda a regi\u00e3o. Assim, vamos desafogar os postos de atendimentos prim\u00e1rios e, por outro lado, ningu\u00e9m mais vai precisar ir a Porto Velho para ser atendido\u201d.<\/p>\n<p dir=\"ltr\">Universidade Estadual<\/p>\n<p dir=\"ltr\">Acir tamb\u00e9m esteve no campus da Universidade Federal de Rond\u00f4nia (UNIR), em Presidente M\u00e9dici. Ele participou de uma rodada de conversa com professores e a diretora da institui\u00e7\u00e3o, Fernanda Bay, sobre as demandas do campus. Gurgacz est\u00e1 engajado em melhorar a educa\u00e7\u00e3o de Rond\u00f4nia, tanto no ensino b\u00e1sico e m\u00e9dio, quanto no ensino superior. O senador explicou ao corpo docente da UNIR que pretende criar uma Universidade Estadual para dar mais oportunidades aos jovens rondonienses.<\/p>\n<p dir=\"ltr\">Pol\u00edtica Participativa<\/p>\n<p dir=\"ltr\">Acir e Jesualdo \u00a0conversaram com a popula\u00e7\u00e3o para explicar o plano de governo e colocar nas ruas de Rond\u00f4nia uma pol\u00edtica participativa.<\/p>\n<p dir=\"ltr\">Um dos objetivos de Acir para a gest\u00e3o do Estado \u00e9 fazer a administra\u00e7\u00e3o p\u00fablica estar focada em atender mais os cidad\u00e3os, de maneira eficiente e integrada.<\/p>\n<p dir=\"ltr\">Hoje, em Alvorada do Oeste, Acir cruzou com o caminho de Let\u00edcia Castro, de 17 anos. Ela vai votar pela primeira vez e garantiu o apoio a Acir por causa do trabalho e da hist\u00f3ria do senador. \u201cAcir tem uma hist\u00f3ria de luta e sucesso que vai levar para a administra\u00e7\u00e3o do Estado\u201d, destacou a jovem.<\/p>\n","protected":false},"excerpt":{"rendered":"<div class=\"mh-excerpt\"><p>Candidato tamb\u00e9m explicou a proposta de criar a Universidade Estadual.<\/p>\n<\/div>","protected":false},"author":1,"featured_media":20187,"comment_status":"open","ping_status":"closed","sticky":false,"template":"","format":"standard","meta":{"footnotes":""},"categories":[1],"tags":[1742,99],"class_list":["post-20186","post","type-post","status-publish","format-standard","has-post-thumbnail","hentry","category-sem-categoria","tag-hospital-regional","tag-ji-parana"],"_links":{"self":[{"href":"https:\/\/folhaderondonianews.com\/news\/wp-json\/wp\/v2\/posts\/20186","targetHints":{"allow":["GET"]}}],"collection":[{"href":"https:\/\/folhaderondonianews.com\/news\/wp-json\/wp\/v2\/posts"}],"about":[{"href":"https:\/\/folhaderondonianews.com\/news\/wp-json\/wp\/v2\/types\/post"}],"author":[{"embeddable":true,"href":"https:\/\/folhaderondonianews.com\/news\/wp-json\/wp\/v2\/users\/1"}],"replies":[{"embeddable":true,"href":"https:\/\/folhaderondonianews.com\/news\/wp-json\/wp\/v2\/comments?post=20186"}],"version-history":[{"count":0,"href":"https:\/\/folhaderondonianews.com\/news\/wp-json\/wp\/v2\/posts\/20186\/revisions"}],"wp:featuredmedia":[{"embeddable":true,"href":"https:\/\/folhaderondonianews.com\/news\/wp-json\/wp\/v2\/media\/20187"}],"wp:attachment":[{"href":"https:\/\/folhaderondonianews.com\/news\/wp-json\/wp\/v2\/media?parent=20186"}],"wp:term":[{"taxonomy":"category","embeddable":true,"href":"https:\/\/folhaderondonianews.com\/news\/wp-json\/wp\/v2\/categories?post=20186"},{"taxonomy":"post_tag","embeddable":true,"href":"https:\/\/folhaderondonianews.com\/news\/wp-json\/wp\/v2\/tags?post=20186"}],"curies":[{"name":"wp","href":"https:\/\/api.w.org\/{rel}","templated":true}]}}