{"id":20484,"date":"2018-09-24T09:55:25","date_gmt":"2018-09-24T13:55:25","guid":{"rendered":"http:\/\/folhaderondonianews.com\/news\/?p=20484"},"modified":"2018-09-24T09:55:25","modified_gmt":"2018-09-24T13:55:25","slug":"cavalgada-da-expojipa-reune-multidao","status":"publish","type":"post","link":"https:\/\/folhaderondonianews.com\/news\/2018\/09\/24\/cavalgada-da-expojipa-reune-multidao\/","title":{"rendered":"Cavalgada da Expojipa re\u00fane multid\u00e3o"},"content":{"rendered":"<p>Uma multid\u00e3o tomou as ruas e avenidas de Ji-Paran\u00e1 na cavalgada de abertura da 39\u00aa Expojipa \u2013 Exposi\u00e7\u00e3o Agropecu\u00e1ria, Industrial e Comercial de Ji-Paran\u00e1, promovida pela Associa\u00e7\u00e3o Rural de Rond\u00f4nia (ARR) no per\u00edodo de 26 a 30 de setembro no Parque de Exposi\u00e7\u00f5es Herm\u00ednio Victorelli. A concentra\u00e7\u00e3o come\u00e7ou \u00e0s 8h30 com sa\u00edda \u00e0s 10h no centro da cidade, entre as Avenidas Clovis Arraes, antiga <em>Villagran Cabrita<\/em> e marginal da BR-364. Diferente das edi\u00e7\u00f5es anteriores, a cavalgada que sempre ocorreu no s\u00e1bado, resgatou sua tradi\u00e7\u00e3o da d\u00e9cada de 1980, sendo realizada no domingo. O prestigio popular, reafirmou o status de maior cavalgada do Norte do Brasil, reunindo m\u00e9dia de seis a sete mil cavaleiros e amazonas e um total de 20 mil participantes, entre aqueles que desfilaram e acompanharam o evento das cal\u00e7adas e sacadas de pr\u00e9dios.<\/p>\n<p>Ap\u00f3s, o hasteamento das bandeiras com o prefeito de Ji-Paran\u00e1 Marcito Pinto; vereador Edilson Vieira; secret\u00e1rio de Governo Nilton Cezar, representando a governador Daniel Pereira; presidente da ARR, S\u00e9rgio Ferreira, ladeado pelos Capit\u00e3es da Policia Militar, Corpo de Bombeiros e rainha, princesa e madrinhas da Expojipa a cavalgada seguiu pela BR 364, avenida Brasil e T-20, finalizando no Parque de Exposi\u00e7\u00f5es.<\/p>\n<p>\u201cN\u00f3s estamos aqui no viaduto do Segundo Distrito e nossa cavalgada est\u00e1 ainda na Clovis Arraes no Primeiro Distrito, isso com pista j\u00e1 toda tomada por essa multid\u00e3o. Essa \u00e9 a comprova\u00e7\u00e3o maior do sucesso desde evento, que re\u00fane a fam\u00edlia e amigos da cidade, de outros munic\u00edpios e Estados da Federa\u00e7\u00e3o para prestigiar nossa feira\u201d, disse S\u00e9rgio Ferreira, presidente da ARR.<\/p>\n<p>Os participantes n\u00e3o se intimidaram diante da temperatura de mais de 30 graus, pois o calor humano era muito superior.A cavalgada contou com mais de 200 policiais militares dos batalh\u00f5es de Ji-Paran\u00e1, Jaru e Ariquemes, al\u00e9m das Policias Civil, Ambiental, Federal, Rodovi\u00e1ria Federal e Autarquia Municipal de Tr\u00e2nsito (AMT). N\u00e3o houve acidentes durante o percurso, com exce\u00e7\u00e3o de um caminh\u00e3o, que entrou na pista e atrapalhou a cavalgada, situa\u00e7\u00e3o que foi contornada rapidamente.<\/p>\n<p>\u201cUma feira como essa \u00e9 de vital import\u00e2ncia para nossa economia, por aquilo que ela representa para o setor do agroneg\u00f3cio e para a economia da regi\u00e3o central de Rond\u00f4nia movimentando mais de 600 milh\u00f5es e reuni\u00e3o na feira p\u00fablico de quase 200 mil pessoas\u201d, ressaltou Marcito Pinto prefeito de Ji-Paran\u00e1.<\/p>\n<p>Ao longo da avenida Brasil os comerciantes aproveitaram o dia para fomentar as vendas; enquanto outros montaram camarotes com musica ao vivo, espa\u00e7o com alimenta\u00e7\u00e3o, bebidas e \u00e1gua para hidrata\u00e7\u00e3o. Houve ainda pontos de apoio com cochos para os animais. J\u00e1 a Sedam e a Policia Ambiental refor\u00e7aram a fiscaliza\u00e7\u00e3o no combate a maus tratos, como: excesso de peso nos cavalos e carro\u00e7as e uso de objetos pontiagudos e perfurocortantes.<\/p>\n<p>A cavalgada encerrou no Parque de Exposi\u00e7\u00f5es onde foi servido um delicioso arroz carreteiro com direito a musica ao vivo para os participantes.<\/p>\n<p>Wilson Neves<\/p>\n<p>Assessoria de Imprensa da ARR<\/p>\n<p><img decoding=\"async\" class=\"alignnone size-full wp-image-20485 lazyload\" data-src=\"https:\/\/folhaderondonianews.com\/news\/wp-content\/uploads\/2018\/09\/expojipa-2018g.jpg\" alt=\"\" width=\"640\" height=\"348\" data-srcset=\"https:\/\/folhaderondonianews.com\/news\/wp-content\/uploads\/2018\/09\/expojipa-2018g.jpg 640w, https:\/\/folhaderondonianews.com\/news\/wp-content\/uploads\/2018\/09\/expojipa-2018g-300x163.jpg 300w\" data-sizes=\"(max-width: 640px) 100vw, 640px\" src=\"data:image\/svg+xml;base64,PHN2ZyB3aWR0aD0iMSIgaGVpZ2h0PSIxIiB4bWxucz0iaHR0cDovL3d3dy53My5vcmcvMjAwMC9zdmciPjwvc3ZnPg==\" style=\"--smush-placeholder-width: 640px; --smush-placeholder-aspect-ratio: 640\/348;\" \/> <img decoding=\"async\" class=\"alignnone size-full wp-image-20486 lazyload\" data-src=\"https:\/\/folhaderondonianews.com\/news\/wp-content\/uploads\/2018\/09\/expojipa-2018e.jpg\" alt=\"\" width=\"640\" height=\"475\" data-srcset=\"https:\/\/folhaderondonianews.com\/news\/wp-content\/uploads\/2018\/09\/expojipa-2018e.jpg 640w, https:\/\/folhaderondonianews.com\/news\/wp-content\/uploads\/2018\/09\/expojipa-2018e-300x223.jpg 300w, https:\/\/folhaderondonianews.com\/news\/wp-content\/uploads\/2018\/09\/expojipa-2018e-80x60.jpg 80w\" data-sizes=\"(max-width: 640px) 100vw, 640px\" src=\"data:image\/svg+xml;base64,PHN2ZyB3aWR0aD0iMSIgaGVpZ2h0PSIxIiB4bWxucz0iaHR0cDovL3d3dy53My5vcmcvMjAwMC9zdmciPjwvc3ZnPg==\" style=\"--smush-placeholder-width: 640px; --smush-placeholder-aspect-ratio: 640\/475;\" \/> <img decoding=\"async\" class=\"alignnone size-full wp-image-20487 lazyload\" data-src=\"https:\/\/folhaderondonianews.com\/news\/wp-content\/uploads\/2018\/09\/expojipa-2018d.jpg\" alt=\"\" width=\"640\" height=\"383\" data-srcset=\"https:\/\/folhaderondonianews.com\/news\/wp-content\/uploads\/2018\/09\/expojipa-2018d.jpg 640w, https:\/\/folhaderondonianews.com\/news\/wp-content\/uploads\/2018\/09\/expojipa-2018d-300x180.jpg 300w\" data-sizes=\"(max-width: 640px) 100vw, 640px\" src=\"data:image\/svg+xml;base64,PHN2ZyB3aWR0aD0iMSIgaGVpZ2h0PSIxIiB4bWxucz0iaHR0cDovL3d3dy53My5vcmcvMjAwMC9zdmciPjwvc3ZnPg==\" style=\"--smush-placeholder-width: 640px; --smush-placeholder-aspect-ratio: 640\/383;\" \/> <img decoding=\"async\" class=\"alignnone size-full wp-image-20488 lazyload\" data-src=\"https:\/\/folhaderondonianews.com\/news\/wp-content\/uploads\/2018\/09\/expojipa-2018c.jpg\" alt=\"\" width=\"640\" height=\"353\" data-srcset=\"https:\/\/folhaderondonianews.com\/news\/wp-content\/uploads\/2018\/09\/expojipa-2018c.jpg 640w, https:\/\/folhaderondonianews.com\/news\/wp-content\/uploads\/2018\/09\/expojipa-2018c-300x165.jpg 300w\" data-sizes=\"(max-width: 640px) 100vw, 640px\" src=\"data:image\/svg+xml;base64,PHN2ZyB3aWR0aD0iMSIgaGVpZ2h0PSIxIiB4bWxucz0iaHR0cDovL3d3dy53My5vcmcvMjAwMC9zdmciPjwvc3ZnPg==\" style=\"--smush-placeholder-width: 640px; --smush-placeholder-aspect-ratio: 640\/353;\" \/> <img decoding=\"async\" class=\"alignnone size-full wp-image-20489 lazyload\" data-src=\"https:\/\/folhaderondonianews.com\/news\/wp-content\/uploads\/2018\/09\/expojipa-2018b.jpg\" alt=\"\" width=\"640\" height=\"423\" data-srcset=\"https:\/\/folhaderondonianews.com\/news\/wp-content\/uploads\/2018\/09\/expojipa-2018b.jpg 640w, https:\/\/folhaderondonianews.com\/news\/wp-content\/uploads\/2018\/09\/expojipa-2018b-300x198.jpg 300w\" data-sizes=\"(max-width: 640px) 100vw, 640px\" src=\"data:image\/svg+xml;base64,PHN2ZyB3aWR0aD0iMSIgaGVpZ2h0PSIxIiB4bWxucz0iaHR0cDovL3d3dy53My5vcmcvMjAwMC9zdmciPjwvc3ZnPg==\" style=\"--smush-placeholder-width: 640px; --smush-placeholder-aspect-ratio: 640\/423;\" \/> <img decoding=\"async\" class=\"alignnone size-full wp-image-20491 lazyload\" data-src=\"https:\/\/folhaderondonianews.com\/news\/wp-content\/uploads\/2018\/09\/expojipa-2018.jpg\" alt=\"\" width=\"640\" height=\"390\" data-srcset=\"https:\/\/folhaderondonianews.com\/news\/wp-content\/uploads\/2018\/09\/expojipa-2018.jpg 640w, https:\/\/folhaderondonianews.com\/news\/wp-content\/uploads\/2018\/09\/expojipa-2018-300x183.jpg 300w\" data-sizes=\"(max-width: 640px) 100vw, 640px\" src=\"data:image\/svg+xml;base64,PHN2ZyB3aWR0aD0iMSIgaGVpZ2h0PSIxIiB4bWxucz0iaHR0cDovL3d3dy53My5vcmcvMjAwMC9zdmciPjwvc3ZnPg==\" style=\"--smush-placeholder-width: 640px; --smush-placeholder-aspect-ratio: 640\/390;\" \/><\/p>\n","protected":false},"excerpt":{"rendered":"<div class=\"mh-excerpt\"><p>Uma multid\u00e3o tomou as ruas e avenidas de Ji-Paran\u00e1 na cavalgada de abertura da 39\u00aa Expojipa \u2013 Exposi\u00e7\u00e3o Agropecu\u00e1ria, Industrial e Comercial de Ji-Paran\u00e1, promovida <a class=\"mh-excerpt-more\" href=\"https:\/\/folhaderondonianews.com\/news\/2018\/09\/24\/cavalgada-da-expojipa-reune-multidao\/\" title=\"Cavalgada da Expojipa re\u00fane multid\u00e3o\">[&#8230;]<\/a><\/p>\n<\/div>","protected":false},"author":1,"featured_media":20490,"comment_status":"open","ping_status":"closed","sticky":false,"template":"","format":"standard","meta":{"footnotes":""},"categories":[3],"tags":[3862,3861],"class_list":["post-20484","post","type-post","status-publish","format-standard","has-post-thumbnail","hentry","category-cotidiano","tag-cavalgada-expojipa","tag-xpojipa-2018"],"_links":{"self":[{"href":"https:\/\/folhaderondonianews.com\/news\/wp-json\/wp\/v2\/posts\/20484","targetHints":{"allow":["GET"]}}],"collection":[{"href":"https:\/\/folhaderondonianews.com\/news\/wp-json\/wp\/v2\/posts"}],"about":[{"href":"https:\/\/folhaderondonianews.com\/news\/wp-json\/wp\/v2\/types\/post"}],"author":[{"embeddable":true,"href":"https:\/\/folhaderondonianews.com\/news\/wp-json\/wp\/v2\/users\/1"}],"replies":[{"embeddable":true,"href":"https:\/\/folhaderondonianews.com\/news\/wp-json\/wp\/v2\/comments?post=20484"}],"version-history":[{"count":0,"href":"https:\/\/folhaderondonianews.com\/news\/wp-json\/wp\/v2\/posts\/20484\/revisions"}],"wp:featuredmedia":[{"embeddable":true,"href":"https:\/\/folhaderondonianews.com\/news\/wp-json\/wp\/v2\/media\/20490"}],"wp:attachment":[{"href":"https:\/\/folhaderondonianews.com\/news\/wp-json\/wp\/v2\/media?parent=20484"}],"wp:term":[{"taxonomy":"category","embeddable":true,"href":"https:\/\/folhaderondonianews.com\/news\/wp-json\/wp\/v2\/categories?post=20484"},{"taxonomy":"post_tag","embeddable":true,"href":"https:\/\/folhaderondonianews.com\/news\/wp-json\/wp\/v2\/tags?post=20484"}],"curies":[{"name":"wp","href":"https:\/\/api.w.org\/{rel}","templated":true}]}}