{"id":20659,"date":"2018-10-12T18:40:10","date_gmt":"2018-10-12T22:40:10","guid":{"rendered":"http:\/\/folhaderondonianews.com\/news\/?p=20659"},"modified":"2018-10-12T18:40:10","modified_gmt":"2018-10-12T22:40:10","slug":"informativo-da-camara-dos-vereadores-de-ji-parana-7","status":"publish","type":"post","link":"https:\/\/folhaderondonianews.com\/news\/2018\/10\/12\/informativo-da-camara-dos-vereadores-de-ji-parana-7\/","title":{"rendered":"Informativo da C\u00e2mara dos Vereadores de Ji-Paran\u00e1"},"content":{"rendered":"<p class=\"x_gmail-MsoNoSpacing\">A 32\u00aa Sess\u00e3o Ordin\u00e1ria, que aconteceu na ter\u00e7a-feira (9), foi presidida pelo presidente da C\u00e2mara, Affonso C\u00e2ndido (DEM) e os trabalhos secretariados pela vereadora Silvia Cristina (PDT).<\/p>\n<p class=\"x_gmail-MsoNoSpacing\">\n<p class=\"x_gmail-MsoNoSpacing\">Requerimento<\/p>\n<p class=\"x_gmail-MsoNoSpacing\">Na Sess\u00e3o, foi aprovado o requerimento de autoria de 10 vereadores requerendo a anula\u00e7\u00e3o da vota\u00e7\u00e3o da elei\u00e7\u00e3o da Mesa Diretora para o Bi\u00eanio 2019\/2020.<\/p>\n<p class=\"x_gmail-MsoNoSpacing\">\n<p class=\"x_gmail-MsoNoSpacing\">Neurologista e Canaliza\u00e7\u00e3o<\/p>\n<p class=\"x_gmail-MsoNoSpacing\">Du Galdino (PSDB) falou sobre a falta de neurologistas na rede p\u00fablica, que s\u00f3 tem um profissional atendendo. O vereador comentou da necessidade de canalizar os igarap\u00e9s do munic\u00edpio.<\/p>\n<p class=\"x_gmail-MsoNoSpacing\">\n<p class=\"x_gmail-MsoNoSpacing\">Atendimento<\/p>\n<p class=\"x_gmail-MsoNoSpacing\">Isaias Arnica (PSB) disse que atendeu a reivindica\u00e7\u00e3o da popula\u00e7\u00e3o e foi conversar com o diretor do Hospital Municipal, Rafael Papa sobre o atendimento de um determinado m\u00e9dico, visando esclarecer os fatos.<\/p>\n<p class=\"x_gmail-MsoNoSpacing\">\n<p class=\"x_gmail-MsoNoSpacing\">Campanha e Caerd<\/p>\n<p class=\"x_gmail-MsoNoSpacing\">Marcelo Lemos (PSD) agradeceu todas as pessoas que contribu\u00edram com as campanhas dos deputados federal, Expedito Netto e estadual, Laerte Gomes. O vereador destacou que as obras de interliga\u00e7\u00e3o da adutora continuam e que na pr\u00f3xima semana a empresa informou que come\u00e7ar\u00e1 o recapeamento da rua S\u00e3o Lu\u00eds.<\/p>\n<p class=\"x_gmail-MsoNoSpacing\">\n<p class=\"x_gmail-MsoNoSpacing\">Agradecimento<\/p>\n<p class=\"x_gmail-MsoNoSpacing\">Silvia Cristina (PDT) comentou sobre sua campanha e elei\u00e7\u00e3o para deputada federal, agradecendo os\u00a033.038 votos. A vereadora disse que vai continuar seu trabalho em todas as \u00e1reas, mas principalmente na sa\u00fade e a\u00e7\u00e3o social, onde n\u00e3o tem medido esfor\u00e7os para atender as reivindica\u00e7\u00f5es da popula\u00e7\u00e3o.<\/p>\n<p class=\"x_gmail-MsoNoSpacing\">\n<p class=\"x_gmail-MsoNoSpacing\">Tribuna<\/p>\n<p class=\"x_gmail-MsoNoSpacing\">Joaquim Teixeira (MDB) falou sobre as elei\u00e7\u00f5es e agradeceu os votos.\u00a0 O vereador disse que continuar\u00e1 trabalhando para atender as solicita\u00e7\u00f5es da popula\u00e7\u00e3o.<\/p>\n<p class=\"x_gmail-MsoNoSpacing\">\n<p class=\"x_gmail-MsoNoSpacing\">Elei\u00e7\u00f5es e Semosp<\/p>\n<p class=\"x_gmail-MsoNoSpacing\">Edivaldo Gomes (PSB)\u00a0disse que teve sonhos adiados nestas elei\u00e7\u00f5es e que est\u00e1 triste, mas respeita a vontade popular, agradeceu os votos e todos que colaboraram com a campanha. O vereador agradeceu tamb\u00e9m a equipe da Secretaria Municipal de Obras e Servi\u00e7os P\u00fablicos (Semosp) pelo trabalho na rua Mato Grosso e espera que chegue logo no Bosque dos Ip\u00eas para realizar a recupera\u00e7\u00e3o asf\u00e1ltica, que \u00e9 tamb\u00e9m um pedido dele.<\/p>\n<p class=\"x_gmail-MsoNoSpacing\">\n<p class=\"x_gmail-MsoNoSpacing\">Elei\u00e7\u00f5es I<\/p>\n<p class=\"x_gmail-MsoNoSpacing\">Edilson Vieira (MDB) comentou sobre as elei\u00e7\u00f5es parabenizando os eleitos e agradecendo as pessoas que contribu\u00edram com a reelei\u00e7\u00e3o do deputado estadual Edson Martins.<\/p>\n<p class=\"x_gmail-MsoNoSpacing\">\n<p class=\"x_gmail-MsoNoSpacing\"><a id=\"LPlnk350132\" name=\"x__GoBack\"><\/a>Elei\u00e7\u00f5es II<\/p>\n<p class=\"x_gmail-MsoNoSpacing\">A vereadora Ida Fernandes (PV) tamb\u00e9m comentou sobre as elei\u00e7\u00f5es 2018 e parabenizou os eleitos.<\/p>\n","protected":false},"excerpt":{"rendered":"<div class=\"mh-excerpt\"><p>A 32\u00aa Sess\u00e3o Ordin\u00e1ria, que aconteceu na ter\u00e7a-feira (9), foi presidida pelo presidente da C\u00e2mara, Affonso C\u00e2ndido (DEM) e os trabalhos secretariados pela vereadora Silvia <a class=\"mh-excerpt-more\" href=\"https:\/\/folhaderondonianews.com\/news\/2018\/10\/12\/informativo-da-camara-dos-vereadores-de-ji-parana-7\/\" title=\"Informativo da C\u00e2mara dos Vereadores de Ji-Paran\u00e1\">[&#8230;]<\/a><\/p>\n<\/div>","protected":false},"author":1,"featured_media":20660,"comment_status":"open","ping_status":"closed","sticky":false,"template":"","format":"standard","meta":{"footnotes":""},"categories":[9],"tags":[3893,99],"class_list":["post-20659","post","type-post","status-publish","format-standard","has-post-thumbnail","hentry","category-politica","tag-informativo-da-camara","tag-ji-parana"],"_links":{"self":[{"href":"https:\/\/folhaderondonianews.com\/news\/wp-json\/wp\/v2\/posts\/20659","targetHints":{"allow":["GET"]}}],"collection":[{"href":"https:\/\/folhaderondonianews.com\/news\/wp-json\/wp\/v2\/posts"}],"about":[{"href":"https:\/\/folhaderondonianews.com\/news\/wp-json\/wp\/v2\/types\/post"}],"author":[{"embeddable":true,"href":"https:\/\/folhaderondonianews.com\/news\/wp-json\/wp\/v2\/users\/1"}],"replies":[{"embeddable":true,"href":"https:\/\/folhaderondonianews.com\/news\/wp-json\/wp\/v2\/comments?post=20659"}],"version-history":[{"count":0,"href":"https:\/\/folhaderondonianews.com\/news\/wp-json\/wp\/v2\/posts\/20659\/revisions"}],"wp:featuredmedia":[{"embeddable":true,"href":"https:\/\/folhaderondonianews.com\/news\/wp-json\/wp\/v2\/media\/20660"}],"wp:attachment":[{"href":"https:\/\/folhaderondonianews.com\/news\/wp-json\/wp\/v2\/media?parent=20659"}],"wp:term":[{"taxonomy":"category","embeddable":true,"href":"https:\/\/folhaderondonianews.com\/news\/wp-json\/wp\/v2\/categories?post=20659"},{"taxonomy":"post_tag","embeddable":true,"href":"https:\/\/folhaderondonianews.com\/news\/wp-json\/wp\/v2\/tags?post=20659"}],"curies":[{"name":"wp","href":"https:\/\/api.w.org\/{rel}","templated":true}]}}