{"id":20754,"date":"2018-10-21T10:16:30","date_gmt":"2018-10-21T14:16:30","guid":{"rendered":"http:\/\/folhaderondonianews.com\/news\/?p=20754"},"modified":"2018-10-21T10:16:30","modified_gmt":"2018-10-21T14:16:30","slug":"enem-2018-aplicacao-de-provas-tera-4-fusos-horarios-diferentes","status":"publish","type":"post","link":"https:\/\/folhaderondonianews.com\/news\/2018\/10\/21\/enem-2018-aplicacao-de-provas-tera-4-fusos-horarios-diferentes\/","title":{"rendered":"Enem 2018 &#8211; Aplica\u00e7\u00e3o de provas ter\u00e1 4 fusos hor\u00e1rios diferentes\u00a0\u00a0"},"content":{"rendered":"<p>ABr &#8211;\u00a0Os participantes do Exame Nacional do Ensino M\u00e9dio (Enem) 2018, que v\u00e3o fazer a primeira prova em 4 de novembro, devem ficar atentos \u00e0 entrada em vigor do hor\u00e1rio brasileiro de ver\u00e3o. O fechamento dos port\u00f5es no dia da prova est\u00e1 previsto para as 13 horas, pelo hor\u00e1rio de Bras\u00edlia. Com a entrada do novo hor\u00e1rio, o pa\u00eds passar\u00e1 a ter quatro fusos hor\u00e1rios diferentes.<\/p>\n<p>\u00c0 meia-noite de s\u00e1bado, 3, para domingo, 4, os rel\u00f3gios dos estudantes do Rio Grande do Sul, Santa Catarina, Paran\u00e1, S\u00e3o Paulo, Rio de Janeiro, Esp\u00edrito Santo, Minas Gerais, Goi\u00e1s, Mato Grosso, Mato Grosso do Sul, al\u00e9m do Distrito Federal, dever\u00e3o ser adiantados em uma hora.<\/p>\n<p>Com isso, a abertura dos port\u00f5es \u00e0s 12h e o fechamento \u00e0s 13h ocorrer\u00e1 no Distrito Federal, Esp\u00edrito Santo, Goi\u00e1s, Minas Gerais, Paran\u00e1, Rio de Janeiro, Rio Grande do Sul, Santa Catarina e S\u00e3o Paulo. J\u00e1 no Amap\u00e1, Alagoas, Bahia, Cear\u00e1, Maranh\u00e3o, Mato Grosso, Mato Grosso do Sul, Par\u00e1, Para\u00edba, Pernambuco, Piau\u00ed, Rio Grande do Norte e Sergipe, a abertura dos port\u00f5es ser\u00e1 \u00e0s 11h e o fechamento \u00e0s 12h, seguindo o hor\u00e1rio local.<\/p>\n<p>Nos estados do Amazonas, Rond\u00f4nia e Roraima, a abertura dos port\u00f5es nos locais de aplica\u00e7\u00e3o do Enem ser\u00e1 realizada \u00e0s 10h e o fechamento \u00e0s 11h, seguindo o hor\u00e1rio local. J\u00e1 no Acre, \u00fanico estado brasileiro cujo fuso hor\u00e1rio tem tr\u00eas horas a menos em rela\u00e7\u00e3o ao hor\u00e1rio de Bras\u00edlia, os port\u00f5es ser\u00e3o abertos \u00e0s 9h e fechados \u00e0s 10h, tamb\u00e9m pelo hor\u00e1rio local.<\/p>\n<p><strong>Confirma\u00e7\u00e3o \u2013<\/strong>\u00a0O Instituto Nacional de Estudos e Pesquisas Educacionais An\u00edsio Teixeira (Inep) alerta que o Cart\u00e3o de Confirma\u00e7\u00e3o de Inscri\u00e7\u00e3o do Enem estar\u00e1 dispon\u00edvel para consulta a partir de 22 de outubro pela p\u00e1gina do participante. O documento informa o local de prova, data e hor\u00e1rios de aplica\u00e7\u00e3o e os dados do participante. As provas ser\u00e3o aplicadas nos domingos 4 e 11 de novembro.<\/p>\n","protected":false},"excerpt":{"rendered":"<div class=\"mh-excerpt\"><p>ABr &#8211;\u00a0Os participantes do Exame Nacional do Ensino M\u00e9dio (Enem) 2018, que v\u00e3o fazer a primeira prova em 4 de novembro, devem ficar atentos \u00e0 <a class=\"mh-excerpt-more\" href=\"https:\/\/folhaderondonianews.com\/news\/2018\/10\/21\/enem-2018-aplicacao-de-provas-tera-4-fusos-horarios-diferentes\/\" title=\"Enem 2018 &#8211; Aplica\u00e7\u00e3o de provas ter\u00e1 4 fusos hor\u00e1rios diferentes\u00a0\u00a0\">[&#8230;]<\/a><\/p>\n<\/div>","protected":false},"author":1,"featured_media":20755,"comment_status":"open","ping_status":"closed","sticky":false,"template":"","format":"standard","meta":{"footnotes":""},"categories":[5],"tags":[3923,33],"class_list":["post-20754","post","type-post","status-publish","format-standard","has-post-thumbnail","hentry","category-brasil","tag-4-fusos-horarios-diferentes","tag-enem"],"_links":{"self":[{"href":"https:\/\/folhaderondonianews.com\/news\/wp-json\/wp\/v2\/posts\/20754","targetHints":{"allow":["GET"]}}],"collection":[{"href":"https:\/\/folhaderondonianews.com\/news\/wp-json\/wp\/v2\/posts"}],"about":[{"href":"https:\/\/folhaderondonianews.com\/news\/wp-json\/wp\/v2\/types\/post"}],"author":[{"embeddable":true,"href":"https:\/\/folhaderondonianews.com\/news\/wp-json\/wp\/v2\/users\/1"}],"replies":[{"embeddable":true,"href":"https:\/\/folhaderondonianews.com\/news\/wp-json\/wp\/v2\/comments?post=20754"}],"version-history":[{"count":0,"href":"https:\/\/folhaderondonianews.com\/news\/wp-json\/wp\/v2\/posts\/20754\/revisions"}],"wp:featuredmedia":[{"embeddable":true,"href":"https:\/\/folhaderondonianews.com\/news\/wp-json\/wp\/v2\/media\/20755"}],"wp:attachment":[{"href":"https:\/\/folhaderondonianews.com\/news\/wp-json\/wp\/v2\/media?parent=20754"}],"wp:term":[{"taxonomy":"category","embeddable":true,"href":"https:\/\/folhaderondonianews.com\/news\/wp-json\/wp\/v2\/categories?post=20754"},{"taxonomy":"post_tag","embeddable":true,"href":"https:\/\/folhaderondonianews.com\/news\/wp-json\/wp\/v2\/tags?post=20754"}],"curies":[{"name":"wp","href":"https:\/\/api.w.org\/{rel}","templated":true}]}}