{"id":20794,"date":"2018-10-27T12:50:07","date_gmt":"2018-10-27T16:50:07","guid":{"rendered":"http:\/\/folhaderondonianews.com\/news\/?p=20794"},"modified":"2018-10-27T12:50:07","modified_gmt":"2018-10-27T16:50:07","slug":"chamada-escolar-2018-encerra-nesta-segunda-feira","status":"publish","type":"post","link":"https:\/\/folhaderondonianews.com\/news\/2018\/10\/27\/chamada-escolar-2018-encerra-nesta-segunda-feira\/","title":{"rendered":"Chamada Escolar 2018 encerra nesta segunda-feira"},"content":{"rendered":"<p class=\"x_MsoNormal\">A pr\u00f3xima segunda-feira, dia 29, \u00e9 o \u00faltimo dia para que os pais ou respons\u00e1veis de crian\u00e7as em idade escolar e que estejam fora da escola possam fazer o cadastramento de seus filhos junto \u00e0s unidades escolares da Rede Municipal de Ensino. A Prefeitura de Ji-Paran\u00e1, por meio da Secretaria Municipal de Educa\u00e7\u00e3o \u2013 Semed, iniciou a Chamada Escolar 2018 no Munic\u00edpio no dia 1\u00ba deste m\u00eas. A cerim\u00f4nia de lan\u00e7amento da campanha foi realizada na C\u00e2mara Municipal de Vereadores, durante a 29\u00ba Sess\u00e3o Ordin\u00e1ria da Casa de Leis.<\/p>\n<p class=\"x_MsoNormal\">A Chamada Escolar tem por objetivo realizar o cadastramento de novas vagas no Ensino P\u00fablico para o ano letivo de 2019 visando o planejamento para atender a demanda escolar para o Ensino Infantil, Educa\u00e7\u00e3o Fundamental e Educa\u00e7\u00e3o de Jovens e Adultos \u2013 EJA, modalidades ofertadas pela Rede Municipal de Ensino. O p\u00fablico-alvo da campanha, portanto, s\u00e3o crian\u00e7as de 0 a 5 anos, crian\u00e7as e adolescentes de 6 a 14 anos, adolescentes acima de 15 anos e adultos que est\u00e3o fora da escola.<\/p>\n<p class=\"x_MsoNormal\">A Secretaria de Educa\u00e7\u00e3o tem realizado este cadastramento nas 33 institui\u00e7\u00f5es de ensino da Rede Municipal utilizando o Sistema Educar-Lex, tanto para o registro dos cadastros quanto para a efetiva\u00e7\u00e3o das matr\u00edculas. Est\u00e3o sendo cadastrados alunos da \u00faltima etapa da Pr\u00e9-Escola (\u00e1rea urbana e rural) e do 5\u00ba ano do Ensino Fundamental (\u00e1rea Rural) que pretendam permanecer na Rede Municipal de Ensino; alunos da Pr\u00e9-Escola matriculados em institui\u00e7\u00f5es particulares\/conveniadas com idade de 5 anos completos ou a completar at\u00e9 31 de dezembro deste ano candidatos ao ingresso do Ensino Fundamental p\u00fablico; crian\u00e7as que n\u00e3o frequentaram a Pr\u00e9-Escola e que tenham idade a partir dos 6 anos completos ou a completar at\u00e9 31 de dezembro deste ano; crian\u00e7as, adolescentes, jovens e adultos que se encontram fora da escola e que s\u00e3o candidatos a matricularem-se em escolas p\u00fablicas em quaisquer das etapas da Educa\u00e7\u00e3o Infantil e em quaisquer dos anos ou s\u00e9ries do Ensino Fundamental.<\/p>\n<p class=\"x_MsoNormal\">\u201cInfelizmente, em levantamento pr\u00e9vio que fizemos, o n\u00famero de cadastros ainda est\u00e1 aqu\u00e9m do que esper\u00e1vamos, pois Ji-Paran\u00e1 passa por um processo de expans\u00e3o h\u00e1 algum tempo, com novos bairros surgindo em decorr\u00eancia de projetos imobili\u00e1rios residenciais, e parece ser l\u00f3gico o aumento da demanda por vagas nas escolas para o pr\u00f3ximo ano. Sabemos que o Pa\u00eds passa por um momento pol\u00edtico impar e que as aten\u00e7\u00f5es est\u00e3o voltadas para as elei\u00e7\u00f5es do pr\u00f3ximo domingo, mas penso que t\u00e3o ou mais importantes que a pol\u00edtica seja a educa\u00e7\u00e3o dos filhos. A nossa organiza\u00e7\u00e3o para o ano letivo de 2019 depende tamb\u00e9m que tenhamos estes n\u00fameros\u201d, explicou a secret\u00e1ria de Educa\u00e7\u00e3o de Ji-Paran\u00e1, Leiva Cust\u00f3dio Pereira.<\/p>\n","protected":false},"excerpt":{"rendered":"<div class=\"mh-excerpt\"><p>A pr\u00f3xima segunda-feira, dia 29, \u00e9 o \u00faltimo dia para que os pais ou respons\u00e1veis de crian\u00e7as em idade escolar e que estejam fora da <a class=\"mh-excerpt-more\" href=\"https:\/\/folhaderondonianews.com\/news\/2018\/10\/27\/chamada-escolar-2018-encerra-nesta-segunda-feira\/\" title=\"Chamada Escolar 2018 encerra nesta segunda-feira\">[&#8230;]<\/a><\/p>\n<\/div>","protected":false},"author":1,"featured_media":20795,"comment_status":"open","ping_status":"closed","sticky":false,"template":"","format":"standard","meta":{"footnotes":""},"categories":[3],"tags":[3936],"class_list":["post-20794","post","type-post","status-publish","format-standard","has-post-thumbnail","hentry","category-cotidiano","tag-chamada-escolar-2018"],"_links":{"self":[{"href":"https:\/\/folhaderondonianews.com\/news\/wp-json\/wp\/v2\/posts\/20794","targetHints":{"allow":["GET"]}}],"collection":[{"href":"https:\/\/folhaderondonianews.com\/news\/wp-json\/wp\/v2\/posts"}],"about":[{"href":"https:\/\/folhaderondonianews.com\/news\/wp-json\/wp\/v2\/types\/post"}],"author":[{"embeddable":true,"href":"https:\/\/folhaderondonianews.com\/news\/wp-json\/wp\/v2\/users\/1"}],"replies":[{"embeddable":true,"href":"https:\/\/folhaderondonianews.com\/news\/wp-json\/wp\/v2\/comments?post=20794"}],"version-history":[{"count":0,"href":"https:\/\/folhaderondonianews.com\/news\/wp-json\/wp\/v2\/posts\/20794\/revisions"}],"wp:featuredmedia":[{"embeddable":true,"href":"https:\/\/folhaderondonianews.com\/news\/wp-json\/wp\/v2\/media\/20795"}],"wp:attachment":[{"href":"https:\/\/folhaderondonianews.com\/news\/wp-json\/wp\/v2\/media?parent=20794"}],"wp:term":[{"taxonomy":"category","embeddable":true,"href":"https:\/\/folhaderondonianews.com\/news\/wp-json\/wp\/v2\/categories?post=20794"},{"taxonomy":"post_tag","embeddable":true,"href":"https:\/\/folhaderondonianews.com\/news\/wp-json\/wp\/v2\/tags?post=20794"}],"curies":[{"name":"wp","href":"https:\/\/api.w.org\/{rel}","templated":true}]}}