{"id":21236,"date":"2018-12-05T07:22:51","date_gmt":"2018-12-05T11:22:51","guid":{"rendered":"http:\/\/folhaderondonianews.com\/news\/?p=21236"},"modified":"2018-12-05T07:22:51","modified_gmt":"2018-12-05T11:22:51","slug":"divulgadas-fotos-de-aviao-e-de-pilotos-rondonienses-apos-resgate-no-mato-grosso-familiares-comemoram-milagre","status":"publish","type":"post","link":"https:\/\/folhaderondonianews.com\/news\/2018\/12\/05\/divulgadas-fotos-de-aviao-e-de-pilotos-rondonienses-apos-resgate-no-mato-grosso-familiares-comemoram-milagre\/","title":{"rendered":"Divulgadas fotos de avi\u00e3o e de pilotos rondonienses ap\u00f3s resgate no Mato Grosso; familiares comemoram \u201cmilagre\u201d"},"content":{"rendered":"<p>Os dois pilotos do avi\u00e3o que decolou de Rond\u00f4nia e desapareceu na sexta-feira, foram encontrados com vida, informa o Jornal Folha do Sul on Line. Marcelo Balestrin, 40 anos, que pilotava a aeronave e John Cleiton Venera, o copiloto foram resgatados e levados em um helic\u00f3ptero para o aeroporto de V\u00e1rzea Grande.<\/p>\n<p><img decoding=\"async\" class=\"capa bordaRedonda lazyload\" data-src=\"https:\/\/www.folhadosulonline.com.br\/arquivos\/noticias\/34818\/large\/11f97c4f2fb54036b95e34675f95b448.jpg\" alt=\"\" src=\"data:image\/svg+xml;base64,PHN2ZyB3aWR0aD0iMSIgaGVpZ2h0PSIxIiB4bWxucz0iaHR0cDovL3d3dy53My5vcmcvMjAwMC9zdmciPjwvc3ZnPg==\" \/><\/p>\n<div class=\"conteudo\">\nAcabam de ser divulgadas as primeiras imagens dos pilotos Marcelo Balestrin, e John Cleiton Venera, cujo\u00a0avi\u00e3o caiu no trajeto entre Pimenta Bueno e V\u00e1rzea Grande (MT). Os dois estavam sendo procurados desde a sexta-feira, 30, data do acidente a\u00e9reo.<\/p>\n<p>Aparente bem, apesar de feridos, os dois j\u00e1 foram levados para um hospital de Cuiab\u00e1 (MT), onde os familiares os acompanham. A m\u00e3e de Marcelo, que j\u00e1 foi morador de Vilhena, veio de Portugal, onde est\u00e1 residindo, para acompanhar o resgate dele.<\/p>\n<p>Segundo as primeiras informa\u00e7\u00f5es, os dois sobreviventes se alimentaram do que haviam levado na viagem e passaram o resto do tempo bebendo \u00e1guas em rios pr\u00f3ximos ao local da queda.<\/p>\n<p>O FOLHA DO SUL ON LINE est\u00e1 tentando entrevistar parentes dos pilotos, para obter mais detalhes do que ocorreu, como a causa da queda do avi\u00e3o.<\/p>\n<p>Clique abaixo e assista o v\u00eddeo da chegada dos dois pilotos no aeroporto de V\u00e1rzea Grande e embarcando na ambul\u00e2ncia, que j\u00e1 os aguardava.<\/p><\/div>\n<div style=\"width: 640px;\" class=\"wp-video\"><video class=\"wp-video-shortcode\" id=\"video-21236-1\" width=\"640\" height=\"360\" preload=\"metadata\" controls=\"controls\"><source type=\"video\/mp4\" src=\"https:\/\/www.folhadosulonline.com.br\/arquivos\/noticias\/34818\/video\/48.mp4?_=1\" \/><a href=\"https:\/\/www.folhadosulonline.com.br\/arquivos\/noticias\/34818\/video\/48.mp4\">https:\/\/www.folhadosulonline.com.br\/arquivos\/noticias\/34818\/video\/48.mp4<\/a><\/video><\/div>\n","protected":false},"excerpt":{"rendered":"<div class=\"mh-excerpt\"><p>Apesar de feridos, sobreviventes est\u00e3o conscientes em hospital de Cuiab\u00e1.<\/p>\n<\/div>","protected":false},"author":1,"featured_media":21238,"comment_status":"open","ping_status":"closed","sticky":false,"template":"","format":"standard","meta":{"footnotes":""},"categories":[1],"tags":[4077,42,4078],"class_list":["post-21236","post","type-post","status-publish","format-standard","has-post-thumbnail","hentry","category-sem-categoria","tag-queda-de-aviao","tag-rondonia","tag-sobreviventes"],"_links":{"self":[{"href":"https:\/\/folhaderondonianews.com\/news\/wp-json\/wp\/v2\/posts\/21236","targetHints":{"allow":["GET"]}}],"collection":[{"href":"https:\/\/folhaderondonianews.com\/news\/wp-json\/wp\/v2\/posts"}],"about":[{"href":"https:\/\/folhaderondonianews.com\/news\/wp-json\/wp\/v2\/types\/post"}],"author":[{"embeddable":true,"href":"https:\/\/folhaderondonianews.com\/news\/wp-json\/wp\/v2\/users\/1"}],"replies":[{"embeddable":true,"href":"https:\/\/folhaderondonianews.com\/news\/wp-json\/wp\/v2\/comments?post=21236"}],"version-history":[{"count":0,"href":"https:\/\/folhaderondonianews.com\/news\/wp-json\/wp\/v2\/posts\/21236\/revisions"}],"wp:featuredmedia":[{"embeddable":true,"href":"https:\/\/folhaderondonianews.com\/news\/wp-json\/wp\/v2\/media\/21238"}],"wp:attachment":[{"href":"https:\/\/folhaderondonianews.com\/news\/wp-json\/wp\/v2\/media?parent=21236"}],"wp:term":[{"taxonomy":"category","embeddable":true,"href":"https:\/\/folhaderondonianews.com\/news\/wp-json\/wp\/v2\/categories?post=21236"},{"taxonomy":"post_tag","embeddable":true,"href":"https:\/\/folhaderondonianews.com\/news\/wp-json\/wp\/v2\/tags?post=21236"}],"curies":[{"name":"wp","href":"https:\/\/api.w.org\/{rel}","templated":true}]}}