{"id":21322,"date":"2018-12-18T15:53:51","date_gmt":"2018-12-18T19:53:51","guid":{"rendered":"http:\/\/folhaderondonianews.com\/news\/?p=21322"},"modified":"2018-12-18T15:53:51","modified_gmt":"2018-12-18T19:53:51","slug":"fiero-debate-com-energisa-impactos-do-reajuste-na-tarifa-de-energia","status":"publish","type":"post","link":"https:\/\/folhaderondonianews.com\/news\/2018\/12\/18\/fiero-debate-com-energisa-impactos-do-reajuste-na-tarifa-de-energia\/","title":{"rendered":"Fiero debate com Energisa impactos do reajuste na tarifa de energia"},"content":{"rendered":"<p class=\"x_MsoNormal\">Apresentar a Energisa, grupo que assumiu a distribui\u00e7\u00e3o de energia el\u00e9trica para Rond\u00f4nia e explicar o reajuste de 25 por cento na tarifa autorizado pela\u00a0Ag\u00eancia Nacional de Energia El\u00e9trica (Aneel). Estes foram os temas abordados na pauta da reuni\u00e3o realizada na manh\u00e3 desta ter\u00e7a-feira, 18, na Federa\u00e7\u00e3o das Ind\u00fastrias do Estado de Rond\u00f4nia (Fiero), com a participa\u00e7\u00e3o de conselheiros, diretores e empres\u00e1rios e representantes do Grupo Energisa.<\/p>\n<p class=\"x_MsoNormal\">O diretor da empresa, Andr\u00e9 Theobald, ressaltou que a Energisa tem muita experi\u00eancia na \u00e1rea de energia el\u00e9trica, um bem essencial na vida das pessoas. \u201cPor isso, a nossa prioridade inicial \u00e9 assegurar a continuidade dos servi\u00e7os a toda popula\u00e7\u00e3o de Rond\u00f4nia. O objetivo do nosso trabalho ser\u00e1 entregar uma energia segura e de qualidade ao estado e colocar a distribuidora entre as melhores do pa\u00eds. Dessa forma, confiamos que iremos contribuir para o desenvolvimento econ\u00f4mico e social do estado, a exemplo do que j\u00e1 fazemos em outras regi\u00f5es do pa\u00eds onde atuamos&#8221;, afirma Andr\u00e9.<\/p>\n<p class=\"x_MsoNormal\">O presidente da Fiero, Marcelo Thom\u00e9 destacou como fundamental a divulga\u00e7\u00e3o correta das informa\u00e7\u00f5es \u00e0 sociedade. Thom\u00e9 convidou o diretor da Energisa a participar da reuni\u00e3o do Conselho de Representantes da Fiero, que acontece sexta, 21, a partir das 14 horas. \u201cVoc\u00eas ter\u00e3o a oportunidade de apresentar as propostas, os benef\u00edcios para o desenvolvimento do estado, a maneira como a Energisa pretende se relacionar com o setor produtivo rondoniense. Os nossos conselheiros s\u00e3o formadores de opini\u00e3o e sendo assim poder\u00e3o difundir a informa\u00e7\u00e3o correta para todo o estado de Rond\u00f4nia\u201d, falou.<\/p>\n<p class=\"x_MsoNormal\">Segundo Theobald, independentemente de ser a Energisa, o aumento iria acontecer de qualquer jeito. \u201cAgradecemos esta abertura dada pelo presidente Marcelo Thom\u00e9, para podermos falar, n\u00e3o apenas de forma t\u00e9cnica, mas objetiva aos empres\u00e1rios, atrav\u00e9s desta pauta em prol do desenvolvimento do estado. E atendendo convite do presidente Marcelo, participaremos da pr\u00f3xima reuni\u00e3o do Conselho da Fiero\u201d, disse.<\/p>\n<p class=\"x_MsoNormal\">O diretor tesoureiro da Fiero, Alan Gurgel lembra o papel fundamental da Fiero na defesa dos interesses da ind\u00fastria, da classe empresarial e da popula\u00e7\u00e3o. \u201cEste aumento precisa ser bem esclarecido, pois pelo que sabemos, a Energisa tamb\u00e9m est\u00e1 pagando por ele. N\u00e3o podemos simplesmente reclamar sem saber todos os fatos, da\u00ed optamos por um debate franco, direto e objetivo.<\/p>\n<p class=\"x_MsoNormal\">O vice-presidente de Desenvolvimento Econ\u00f4mico da Fiero, Ad\u00e9lio Barofaldi tamb\u00e9m manifestou seu ponto de vista. \u201c\u00c9 preciso ser mais claro nesta explica\u00e7\u00e3o e como vai chegar \u00e0 popula\u00e7\u00e3o. A Energisa mal arrematou a Ceron num leil\u00e3o e logo em seguida a Aneel anuncia o aumento da tarifa. H\u00e1 um clamor da sociedade e de todos os setores, que aguardam uma explica\u00e7\u00e3o sobre esse aumento t\u00e3o alto na tarifa de energia. At\u00e9 o governador Daniel Pereira est\u00e1 reclamando, o movimento ganha propor\u00e7\u00f5es e a Fiero tamb\u00e9m est\u00e1 inserida neste contexto\u201d, disse.<\/p>\n<p class=\"x_MsoNormal\">O\u00a0diretor de Rela\u00e7\u00f5es Institucionais da unidade, Luiz Marcelo Reis de Carvalho tamb\u00e9m participou da reuni\u00e3o, al\u00e9m de diretores da Fiero.<\/p>\n","protected":false},"excerpt":{"rendered":"<div class=\"mh-excerpt\"><p>Apresentar a Energisa, grupo que assumiu a distribui\u00e7\u00e3o de energia el\u00e9trica para Rond\u00f4nia e explicar o reajuste de 25 por cento na tarifa autorizado pela\u00a0Ag\u00eancia <a class=\"mh-excerpt-more\" href=\"https:\/\/folhaderondonianews.com\/news\/2018\/12\/18\/fiero-debate-com-energisa-impactos-do-reajuste-na-tarifa-de-energia\/\" title=\"Fiero debate com Energisa impactos do reajuste na tarifa de energia\">[&#8230;]<\/a><\/p>\n<\/div>","protected":false},"author":1,"featured_media":21328,"comment_status":"open","ping_status":"closed","sticky":false,"template":"","format":"standard","meta":{"footnotes":""},"categories":[5],"tags":[3844,4095,1301,4107,3654,4094],"class_list":["post-21322","post","type-post","status-publish","format-standard","has-post-thumbnail","hentry","category-brasil","tag-debate","tag-energisa","tag-fiero","tag-impactos","tag-reajuste","tag-tarifa-de-energia"],"_links":{"self":[{"href":"https:\/\/folhaderondonianews.com\/news\/wp-json\/wp\/v2\/posts\/21322","targetHints":{"allow":["GET"]}}],"collection":[{"href":"https:\/\/folhaderondonianews.com\/news\/wp-json\/wp\/v2\/posts"}],"about":[{"href":"https:\/\/folhaderondonianews.com\/news\/wp-json\/wp\/v2\/types\/post"}],"author":[{"embeddable":true,"href":"https:\/\/folhaderondonianews.com\/news\/wp-json\/wp\/v2\/users\/1"}],"replies":[{"embeddable":true,"href":"https:\/\/folhaderondonianews.com\/news\/wp-json\/wp\/v2\/comments?post=21322"}],"version-history":[{"count":0,"href":"https:\/\/folhaderondonianews.com\/news\/wp-json\/wp\/v2\/posts\/21322\/revisions"}],"wp:featuredmedia":[{"embeddable":true,"href":"https:\/\/folhaderondonianews.com\/news\/wp-json\/wp\/v2\/media\/21328"}],"wp:attachment":[{"href":"https:\/\/folhaderondonianews.com\/news\/wp-json\/wp\/v2\/media?parent=21322"}],"wp:term":[{"taxonomy":"category","embeddable":true,"href":"https:\/\/folhaderondonianews.com\/news\/wp-json\/wp\/v2\/categories?post=21322"},{"taxonomy":"post_tag","embeddable":true,"href":"https:\/\/folhaderondonianews.com\/news\/wp-json\/wp\/v2\/tags?post=21322"}],"curies":[{"name":"wp","href":"https:\/\/api.w.org\/{rel}","templated":true}]}}