{"id":22131,"date":"2019-03-09T13:17:29","date_gmt":"2019-03-09T17:17:29","guid":{"rendered":"http:\/\/folhaderondonianews.com\/news\/?p=22131"},"modified":"2019-03-09T14:17:14","modified_gmt":"2019-03-09T18:17:14","slug":"mbl-brasil-expulsa-presidente-em-rondonia","status":"publish","type":"post","link":"https:\/\/folhaderondonianews.com\/news\/2019\/03\/09\/mbl-brasil-expulsa-presidente-em-rondonia\/","title":{"rendered":"MBL Brasil expulsa presidente em Rond\u00f4nia\u00a0"},"content":{"rendered":"<p><span data-contrast=\"none\">Roberto Gutierrez &#8211; Um dia depois da sa\u00edda volunt\u00e1ria de <strong>Jota Dias<\/strong>, um dos l\u00edderes<\/span><span data-contrast=\"auto\">\u00a0do Movimento Brasil Livre em Rond\u00f4nia (MBL), a dire\u00e7\u00e3o nacional do movimento expulsou o presidente do <strong>MBL de Rond\u00f4nia,\u00a0<\/strong><\/span><strong>Lucas\u00a0Pelogia<\/strong><span data-contrast=\"none\">.\u00a0<\/span><br \/>\n<span data-contrast=\"none\">A press\u00e3o partiu de setores conservadores do movimento em Rond\u00f4nia cujo dossi\u00ea chegou \u00e0 dire\u00e7\u00e3o nacional do MBL com uma das exig\u00eancias para retir\u00e1-lo, uma vez que n\u00e3o era mais confi\u00e1vel \u00e0 causa.\u00a0<\/span><\/p>\n<p><span data-contrast=\"none\">Publica\u00e7\u00f5es em redes sociais sobre o apoio Lucas a <strong>Expedito J\u00fanior<\/strong>, ao senador <strong>Marcos Rog\u00e9rio<\/strong> e ao deputado federal Expedito Netto seria parte de um dossi\u00ea que argumentaria os motivos levados \u00e0 dire\u00e7\u00e3o nacional que decidiu na manh\u00e3 de hoje pela expuls\u00e3o. <\/span><\/p>\n<p><span data-contrast=\"none\">Coment\u00e1rios feitos sobre o governador Marcos Rocha, ainda quando candidato em disputa no segundo turno, colocando em d\u00favida seu plano de governo, s\u00e3o algumas das postagens.<\/span><span data-ccp-props=\"{&quot;201341983&quot;:0,&quot;335559739&quot;:160,&quot;335559740&quot;:259}\">\u00a0<\/span><\/p>\n<p><span data-contrast=\"none\">A <strong>Folha de Rond\u00f4nia<\/strong> n\u00e3o conseguiu contato com o agora ex-presidente do MBL\u00a0<\/span><span data-contrast=\"none\">Lucas<\/span><span data-contrast=\"none\">\u00a0Pelogia\u00a0<\/span><span data-contrast=\"none\">para ouvi-lo sobre esse epis\u00f3dio. Tamb\u00e9m tentamos contato com o senador Marcos Rog\u00e9rio (DEM-RO), mas estava ainda em voo para o Jap\u00e3o. O deputado federal o Expedito Netto n\u00e3o retornou \u00e0s nossas chamadas\u00a0 e o ex-senador Expedito J\u00fanior est\u00e1 visitando a m\u00e3e dele no interior de S\u00e3o Paulo.<br \/>\n<\/span><\/p>\n<p>Por telefone, Lucas Pelogia disse \u00e0 <strong>Folha<\/strong> que n\u00e3o foi expulso. &#8220;Eu falei com a dire\u00e7\u00e3o Nacional do MBL e pedi afastamento. A dire\u00e7\u00e3o nacional n\u00e3o apenas\u00a0 entendeu que seria o melhor caminho no momento&#8221; e, ainda, segundo Lucas, indicou E<span class=\"TextRun BCX0 SCXW45290494\" lang=\"PT-BR\" xml:lang=\"PT-BR\" data-contrast=\"none\"><span class=\"SpellingError BCX0 SCXW45290494\">st\u00eanio<\/span><\/span><span class=\"TextRun BCX0 SCXW45290494\" lang=\"PT-BR\" xml:lang=\"PT-BR\" data-contrast=\"none\"><span class=\"NormalTextRun BCX0 SCXW45290494\">\u00a0Augusto para conduzir \u00e0 presid\u00eancia do movimento em Rond\u00f4nia. Sobre Expedito Netto e Expedito J\u00fanior, disse que n\u00e3o tem contato com eles e n\u00e3o sabe sequer se eles o conhecem. A <strong>Folha<\/strong> perguntou por que ele pediu afastamento? Lucas disse que era para dar um tempo &#8220;eu estava precisando&#8221;. Perguntamos se os motivos elencados na mat\u00e9ria levaram a esse pedido. Ele disse que n\u00e3o, mas, em um momento da conversa argumentou que a dire\u00e7\u00e3o Nacional da MBL acompanha tudo o que acontece nos estados. Sobre cr\u00edticas ao governo, Lucas disse que s\u00e3o posi\u00e7\u00f5es de cunho construtivo, salutar no processo democr\u00e1tico, mas que jamais deixou de acreditar no governo.\u00a0<\/span><\/span><\/p>\n<p><span data-contrast=\"none\">A<strong> Folha de Rond\u00f4nia<\/strong> n\u00e3o conseguiu falar com o governador de Rond\u00f4nia sobre esse epis\u00f3dio.<\/span><span data-ccp-props=\"{&quot;201341983&quot;:0,&quot;335559739&quot;:160,&quot;335559740&quot;:259}\">\u00a0<\/span>Sobre a decis\u00e3o de Jota Dias de sair do MBL, o governador <strong>Marcos Rocha<\/strong> publicou uma nota nas redes sociais a qual definiu como atitude honesta e digna. Leia a \u00edntegra:<\/p>\n<p>Atualizada \u00e0s 14h03<br \/>\n<!-- [if !IE]--><iframe class=\"pdf lazyload\" style=\"height: 1000px; width: 1139px; border: 0;\" data-src=\"http:\/\/docs.google.com\/viewer?url=http%3A%2F%2Ffolhaderondonianews.com%2Fnews%2Fwp-content%2Fuploads%2F2019%2F03%2Fdeclara%C3%A7%C3%A3o-do-Governador-Marcos-Rocha-MBL.pdf&amp;embedded=true\" width=\"1139\" height=\"1000\" frameborder=\"0\" src=\"data:image\/svg+xml;base64,PHN2ZyB3aWR0aD0iMSIgaGVpZ2h0PSIxIiB4bWxucz0iaHR0cDovL3d3dy53My5vcmcvMjAwMC9zdmciPjwvc3ZnPg==\" data-load-mode=\"1\"><\/iframe><!--[endif]--><!-- [if IE]><object width=\"1139\" height=\"1000\" type=\"application\/pdf\" data=\"https:\/\/folhaderondonianews.com\/news\/wp-content\/uploads\/2019\/03\/declara\u00e7\u00e3o-do-Governador-Marcos-Rocha-MBL.pdf\" class=\"pdf ie\">\n \n<div style=\"width:1139;height:1000;text-align:center;background:#fff;color:#000;margin:0;border:0;padding:0\">Unable to display PDF<a href=\"https:\/\/folhaderondonianews.com\/news\/wp-content\/uploads\/2019\/03\/declara\u00e7\u00e3o-do-Governador-Marcos-Rocha-MBL.pdf\">Click here to download<\/a><\/div>\n \n<\/object><![endif]--><\/p>\n<p>https:\/\/folhaderondonianews.com\/news\/wp-content\/uploads\/2019\/03\/declara\u00e7\u00e3o-do-Governador-Marcos-Rocha-MBL.pdf<\/p>\n<p><img decoding=\"async\" class=\"alignnone size-full wp-image-22143 lazyload\" data-src=\"https:\/\/folhaderondonianews.com\/news\/wp-content\/uploads\/2019\/03\/redes-sociais4.jpg\" alt=\"\" width=\"540\" height=\"1110\" data-srcset=\"https:\/\/folhaderondonianews.com\/news\/wp-content\/uploads\/2019\/03\/redes-sociais4.jpg 540w, https:\/\/folhaderondonianews.com\/news\/wp-content\/uploads\/2019\/03\/redes-sociais4-146x300.jpg 146w\" data-sizes=\"(max-width: 540px) 100vw, 540px\" src=\"data:image\/svg+xml;base64,PHN2ZyB3aWR0aD0iMSIgaGVpZ2h0PSIxIiB4bWxucz0iaHR0cDovL3d3dy53My5vcmcvMjAwMC9zdmciPjwvc3ZnPg==\" style=\"--smush-placeholder-width: 540px; --smush-placeholder-aspect-ratio: 540\/1110;\" \/><\/p>\n<p><img decoding=\"async\" class=\"alignnone size-full wp-image-22135 lazyload\" data-src=\"https:\/\/folhaderondonianews.com\/news\/wp-content\/uploads\/2019\/03\/marcos-rocha.jpg\" alt=\"\" width=\"540\" height=\"1110\" data-srcset=\"https:\/\/folhaderondonianews.com\/news\/wp-content\/uploads\/2019\/03\/marcos-rocha.jpg 540w, https:\/\/folhaderondonianews.com\/news\/wp-content\/uploads\/2019\/03\/marcos-rocha-146x300.jpg 146w\" data-sizes=\"(max-width: 540px) 100vw, 540px\" src=\"data:image\/svg+xml;base64,PHN2ZyB3aWR0aD0iMSIgaGVpZ2h0PSIxIiB4bWxucz0iaHR0cDovL3d3dy53My5vcmcvMjAwMC9zdmciPjwvc3ZnPg==\" style=\"--smush-placeholder-width: 540px; --smush-placeholder-aspect-ratio: 540\/1110;\" \/> <img decoding=\"async\" class=\"alignnone size-full wp-image-22133 lazyload\" data-src=\"https:\/\/folhaderondonianews.com\/news\/wp-content\/uploads\/2019\/03\/redes-sociais.jpg\" alt=\"\" width=\"540\" height=\"1110\" data-srcset=\"https:\/\/folhaderondonianews.com\/news\/wp-content\/uploads\/2019\/03\/redes-sociais.jpg 540w, https:\/\/folhaderondonianews.com\/news\/wp-content\/uploads\/2019\/03\/redes-sociais-146x300.jpg 146w\" data-sizes=\"(max-width: 540px) 100vw, 540px\" src=\"data:image\/svg+xml;base64,PHN2ZyB3aWR0aD0iMSIgaGVpZ2h0PSIxIiB4bWxucz0iaHR0cDovL3d3dy53My5vcmcvMjAwMC9zdmciPjwvc3ZnPg==\" style=\"--smush-placeholder-width: 540px; --smush-placeholder-aspect-ratio: 540\/1110;\" \/><\/p>\n<p><img decoding=\"async\" class=\"alignnone size-full wp-image-22132 lazyload\" data-src=\"https:\/\/folhaderondonianews.com\/news\/wp-content\/uploads\/2019\/03\/redes-sociais2.jpg\" alt=\"\" width=\"720\" height=\"1280\" data-srcset=\"https:\/\/folhaderondonianews.com\/news\/wp-content\/uploads\/2019\/03\/redes-sociais2.jpg 720w, https:\/\/folhaderondonianews.com\/news\/wp-content\/uploads\/2019\/03\/redes-sociais2-169x300.jpg 169w\" data-sizes=\"(max-width: 720px) 100vw, 720px\" src=\"data:image\/svg+xml;base64,PHN2ZyB3aWR0aD0iMSIgaGVpZ2h0PSIxIiB4bWxucz0iaHR0cDovL3d3dy53My5vcmcvMjAwMC9zdmciPjwvc3ZnPg==\" style=\"--smush-placeholder-width: 720px; --smush-placeholder-aspect-ratio: 720\/1280;\" \/><\/p>\n","protected":false},"excerpt":{"rendered":"<div class=\"mh-excerpt\"><p>Dire\u00e7\u00e3o nacional do Movimento Brasil Livre expulsa o presidente do MBL de Rond\u00f4nia,\u00a0Lucas\u00a0Pelogia.\u00a0<\/p>\n<\/div>","protected":false},"author":1,"featured_media":22139,"comment_status":"open","ping_status":"closed","sticky":false,"template":"","format":"standard","meta":{"footnotes":""},"categories":[9],"tags":[3493,1766,4489,4487,4491,4162,1054,4490,4488],"class_list":["post-22131","post","type-post","status-publish","format-standard","has-post-thumbnail","hentry","category-politica","tag-expedito-junior","tag-expedito-netto","tag-expulso","tag-jota-dias","tag-lucas-pelogia","tag-marcos-rocha","tag-marcos-rogerio","tag-mbl-de-rondonia","tag-mbl-rondonia"],"_links":{"self":[{"href":"https:\/\/folhaderondonianews.com\/news\/wp-json\/wp\/v2\/posts\/22131","targetHints":{"allow":["GET"]}}],"collection":[{"href":"https:\/\/folhaderondonianews.com\/news\/wp-json\/wp\/v2\/posts"}],"about":[{"href":"https:\/\/folhaderondonianews.com\/news\/wp-json\/wp\/v2\/types\/post"}],"author":[{"embeddable":true,"href":"https:\/\/folhaderondonianews.com\/news\/wp-json\/wp\/v2\/users\/1"}],"replies":[{"embeddable":true,"href":"https:\/\/folhaderondonianews.com\/news\/wp-json\/wp\/v2\/comments?post=22131"}],"version-history":[{"count":0,"href":"https:\/\/folhaderondonianews.com\/news\/wp-json\/wp\/v2\/posts\/22131\/revisions"}],"wp:featuredmedia":[{"embeddable":true,"href":"https:\/\/folhaderondonianews.com\/news\/wp-json\/wp\/v2\/media\/22139"}],"wp:attachment":[{"href":"https:\/\/folhaderondonianews.com\/news\/wp-json\/wp\/v2\/media?parent=22131"}],"wp:term":[{"taxonomy":"category","embeddable":true,"href":"https:\/\/folhaderondonianews.com\/news\/wp-json\/wp\/v2\/categories?post=22131"},{"taxonomy":"post_tag","embeddable":true,"href":"https:\/\/folhaderondonianews.com\/news\/wp-json\/wp\/v2\/tags?post=22131"}],"curies":[{"name":"wp","href":"https:\/\/api.w.org\/{rel}","templated":true}]}}