{"id":22560,"date":"2019-04-02T08:40:51","date_gmt":"2019-04-02T12:40:51","guid":{"rendered":"http:\/\/folhaderondonianews.com\/news\/?p=22560"},"modified":"2019-04-02T08:40:51","modified_gmt":"2019-04-02T12:40:51","slug":"flagrada-com-55-kg-de-cocaina-em-ji-parana","status":"publish","type":"post","link":"https:\/\/folhaderondonianews.com\/news\/2019\/04\/02\/flagrada-com-55-kg-de-cocaina-em-ji-parana\/","title":{"rendered":"Flagrada com 5,5 kg de coca\u00edna em Ji-Paran\u00e1"},"content":{"rendered":"<p><span class=\"TextRun SCXW175162881 BCX0\" lang=\"PT-BR\" xml:lang=\"PT-BR\" data-contrast=\"none\"><span class=\"NormalTextRun SCXW175162881 BCX0\"><strong>Mulher<\/strong> \u00e9 presa em <strong>flagrante<\/strong> com 5,5 quilos de <strong>coca\u00edna<\/strong> na bagagem a caminho de Cuiab\u00e1. Ela embarcou num \u00f4nibus em <strong>Guajar\u00e1-Mirim<\/strong> e disse \u00e0 Pol\u00edcia Rodovi\u00e1ria Federal\u00a0que a droga seria entregue na capital do <strong>Mato Grosso<\/strong>. A apreens\u00e3o da coca\u00edna aconteceu no \u00faltimo domingo, pouco depois do hor\u00e1rio do almo\u00e7o, na altura do km 352, da <strong>BR-364<\/strong>, em <strong>Ji-Paran\u00e1<\/strong> &#8211; interior de <strong>Rond\u00f4nia<\/strong>. O nome da <strong>mulher<\/strong> n\u00e3o foi revelado, t\u00e3o pouco se a droga foi encontrada em uma revista de rotina ou foi objeto de den\u00fancia an\u00f4nima.\u00a0<\/span><\/span><span class=\"EOP SCXW175162881 BCX0\" data-ccp-props=\"{&quot;201341983&quot;:0,&quot;335559739&quot;:160,&quot;335559740&quot;:259}\">\u00a0<\/span><\/p>\n<p><iframe title=\"Flagrada com 5,5 kg de coca\u00edna em Ji-Paran\u00e1\" width=\"500\" height=\"281\" data-src=\"https:\/\/www.youtube.com\/embed\/b1M0MaIxOWM?feature=oembed\" frameborder=\"0\" allow=\"accelerometer; autoplay; clipboard-write; encrypted-media; gyroscope; picture-in-picture; web-share\" referrerpolicy=\"strict-origin-when-cross-origin\" allowfullscreen src=\"data:image\/svg+xml;base64,PHN2ZyB3aWR0aD0iMSIgaGVpZ2h0PSIxIiB4bWxucz0iaHR0cDovL3d3dy53My5vcmcvMjAwMC9zdmciPjwvc3ZnPg==\" class=\"lazyload\" data-load-mode=\"1\"><\/iframe><\/p>\n","protected":false},"excerpt":{"rendered":"<div class=\"mh-excerpt\"><p>Mulher \u00e9 presa em flagrante com 5,5 quilos de coca\u00edna na bagagem a caminho de Cuiab\u00e1. Ela embarcou num \u00f4nibus em Guajar\u00e1-Mirim e disse \u00e0 <a class=\"mh-excerpt-more\" href=\"https:\/\/folhaderondonianews.com\/news\/2019\/04\/02\/flagrada-com-55-kg-de-cocaina-em-ji-parana\/\" title=\"Flagrada com 5,5 kg de coca\u00edna em Ji-Paran\u00e1\">[&#8230;]<\/a><\/p>\n<\/div>","protected":false},"author":1,"featured_media":22562,"comment_status":"open","ping_status":"closed","sticky":false,"template":"","format":"standard","meta":{"footnotes":""},"categories":[11],"tags":[986,4660,117,487,4661,14,99,143,352],"class_list":["post-22560","post","type-post","status-publish","format-standard","has-post-thumbnail","hentry","category-policia","tag-br-364","tag-cocainaprf","tag-cuiaba","tag-droga","tag-flagrante","tag-guajara-mirim","tag-ji-parana","tag-mulher","tag-onibus"],"_links":{"self":[{"href":"https:\/\/folhaderondonianews.com\/news\/wp-json\/wp\/v2\/posts\/22560","targetHints":{"allow":["GET"]}}],"collection":[{"href":"https:\/\/folhaderondonianews.com\/news\/wp-json\/wp\/v2\/posts"}],"about":[{"href":"https:\/\/folhaderondonianews.com\/news\/wp-json\/wp\/v2\/types\/post"}],"author":[{"embeddable":true,"href":"https:\/\/folhaderondonianews.com\/news\/wp-json\/wp\/v2\/users\/1"}],"replies":[{"embeddable":true,"href":"https:\/\/folhaderondonianews.com\/news\/wp-json\/wp\/v2\/comments?post=22560"}],"version-history":[{"count":0,"href":"https:\/\/folhaderondonianews.com\/news\/wp-json\/wp\/v2\/posts\/22560\/revisions"}],"wp:featuredmedia":[{"embeddable":true,"href":"https:\/\/folhaderondonianews.com\/news\/wp-json\/wp\/v2\/media\/22562"}],"wp:attachment":[{"href":"https:\/\/folhaderondonianews.com\/news\/wp-json\/wp\/v2\/media?parent=22560"}],"wp:term":[{"taxonomy":"category","embeddable":true,"href":"https:\/\/folhaderondonianews.com\/news\/wp-json\/wp\/v2\/categories?post=22560"},{"taxonomy":"post_tag","embeddable":true,"href":"https:\/\/folhaderondonianews.com\/news\/wp-json\/wp\/v2\/tags?post=22560"}],"curies":[{"name":"wp","href":"https:\/\/api.w.org\/{rel}","templated":true}]}}