{"id":22688,"date":"2019-04-16T15:09:55","date_gmt":"2019-04-16T19:09:55","guid":{"rendered":"http:\/\/folhaderondonianews.com\/news\/?p=22688"},"modified":"2019-04-16T15:10:47","modified_gmt":"2019-04-16T19:10:47","slug":"preso-professor-de-71-anos-acusado-de-pedofilia","status":"publish","type":"post","link":"https:\/\/folhaderondonianews.com\/news\/2019\/04\/16\/preso-professor-de-71-anos-acusado-de-pedofilia\/","title":{"rendered":"Preso professor de 71 anos acusado de pedofilia"},"content":{"rendered":"<p><a href=\"https:\/\/www.extraderondonia.com.br\/2019\/04\/16\/professor-de-escola-estadual-e-preso-acusado-de-abusar-sexualmente-de-criancas-em-vilhena\/\">Extra Rond\u00f4nia<\/a> &#8211; Preso na manh\u00e3 de hoje, em casa, o professor de educa\u00e7\u00e3o f\u00edsica da rede estadual de ensino de Vilhena, Ant\u00f4nio Mantelli, de 71 anos, que vinha sendo investigado pela Delegacia Especializada no Atendimento \u00e0 Mulher (DEAM), por abusar sexualmente de meninos na faixa et\u00e1ria m\u00e9dia de 10 anos.<\/p>\n<p>De acordo com as investiga\u00e7\u00e3o, foram confirmados v\u00e1rios abusos sexuais, que foram narrados em detalhes pelas v\u00edtimas e que foram praticados pelo professor aposentado, que era conhecido por transitar na cidade vestindo roupas brancas, e que nas \u00faltimas semanas passou a procurar v\u00edtimas em plena luz do dia.<\/p>\n<p>Diante das informa\u00e7\u00f5es, Ant\u00f4nio teve sua pris\u00e3o preventiva decretada a pedido da Delegada de Pol\u00edcia titular da DEAM, que foi cumprida na manh\u00e3 desta ter\u00e7a-feira, 16.<br \/>\nAl\u00e9m do cumprimento do mandado de pris\u00e3o, os policiais civis realizaram busca e apreens\u00e3o na casa do suspeito, onde, al\u00e9m de material relacionado aos abusos sexuais relatados pelas v\u00edtimas, foi encontrada uma arma de fogo irregular e devidamente municiada, sendo o mesmo indiciado tamb\u00e9m, por posse irregular de arma de fogo.<\/p>\n<p>Neste momento, Ant\u00f4nio presta depoimento na Unidade Integrada de Seguran\u00e7a P\u00fablica (UNisp).<\/p>\n<div id=\"paszonecont_258185\" class=\"pz_cont paszone-container-258185 \">\n<div class=\"pasinfotxt above\"><\/div>\n<\/div>\n","protected":false},"excerpt":{"rendered":"<div class=\"mh-excerpt\"><p>Extra Rond\u00f4nia &#8211; Preso na manh\u00e3 de hoje, em casa, o professor de educa\u00e7\u00e3o f\u00edsica da rede estadual de ensino de Vilhena, Ant\u00f4nio Mantelli, de <a class=\"mh-excerpt-more\" href=\"https:\/\/folhaderondonianews.com\/news\/2019\/04\/16\/preso-professor-de-71-anos-acusado-de-pedofilia\/\" title=\"Preso professor de 71 anos acusado de pedofilia\">[&#8230;]<\/a><\/p>\n<\/div>","protected":false},"author":1,"featured_media":22689,"comment_status":"open","ping_status":"closed","sticky":false,"template":"","format":"standard","meta":{"footnotes":""},"categories":[11],"tags":[4689,4687,4688,82,723,220],"class_list":["post-22688","post","type-post","status-publish","format-standard","has-post-thumbnail","hentry","category-policia","tag-antonio-mantelli","tag-educacao-fisica","tag-pedofilo","tag-preso","tag-professor","tag-vilhena"],"_links":{"self":[{"href":"https:\/\/folhaderondonianews.com\/news\/wp-json\/wp\/v2\/posts\/22688","targetHints":{"allow":["GET"]}}],"collection":[{"href":"https:\/\/folhaderondonianews.com\/news\/wp-json\/wp\/v2\/posts"}],"about":[{"href":"https:\/\/folhaderondonianews.com\/news\/wp-json\/wp\/v2\/types\/post"}],"author":[{"embeddable":true,"href":"https:\/\/folhaderondonianews.com\/news\/wp-json\/wp\/v2\/users\/1"}],"replies":[{"embeddable":true,"href":"https:\/\/folhaderondonianews.com\/news\/wp-json\/wp\/v2\/comments?post=22688"}],"version-history":[{"count":0,"href":"https:\/\/folhaderondonianews.com\/news\/wp-json\/wp\/v2\/posts\/22688\/revisions"}],"wp:featuredmedia":[{"embeddable":true,"href":"https:\/\/folhaderondonianews.com\/news\/wp-json\/wp\/v2\/media\/22689"}],"wp:attachment":[{"href":"https:\/\/folhaderondonianews.com\/news\/wp-json\/wp\/v2\/media?parent=22688"}],"wp:term":[{"taxonomy":"category","embeddable":true,"href":"https:\/\/folhaderondonianews.com\/news\/wp-json\/wp\/v2\/categories?post=22688"},{"taxonomy":"post_tag","embeddable":true,"href":"https:\/\/folhaderondonianews.com\/news\/wp-json\/wp\/v2\/tags?post=22688"}],"curies":[{"name":"wp","href":"https:\/\/api.w.org\/{rel}","templated":true}]}}