{"id":22751,"date":"2019-04-25T18:07:08","date_gmt":"2019-04-25T22:07:08","guid":{"rendered":"http:\/\/folhaderondonianews.com\/news\/?p=22751"},"modified":"2019-04-25T18:09:53","modified_gmt":"2019-04-25T22:09:53","slug":"bolsonaro-reclama-e-banco-do-brasil-tira-do-ar-propaganda-voltada-para-jovens","status":"publish","type":"post","link":"https:\/\/folhaderondonianews.com\/news\/2019\/04\/25\/bolsonaro-reclama-e-banco-do-brasil-tira-do-ar-propaganda-voltada-para-jovens\/","title":{"rendered":"Bolsonaro reclama e Banco do Brasil tira do ar propaganda voltada para jovens"},"content":{"rendered":"<p>Segundo colunista do jornal O Globo, presidente se queixou de pe\u00e7a publicit\u00e1ria marcada pela diversidade e diretor foi demitido; assista ao v\u00eddeo<\/p>\n<p><iframe title=\"Bolsonaro manda retirar propaganda do Banco do Brasil\" width=\"500\" height=\"281\" data-src=\"https:\/\/www.youtube.com\/embed\/Xg3q2642jwI?feature=oembed\" frameborder=\"0\" allow=\"accelerometer; autoplay; clipboard-write; encrypted-media; gyroscope; picture-in-picture; web-share\" referrerpolicy=\"strict-origin-when-cross-origin\" allowfullscreen src=\"data:image\/svg+xml;base64,PHN2ZyB3aWR0aD0iMSIgaGVpZ2h0PSIxIiB4bWxucz0iaHR0cDovL3d3dy53My5vcmcvMjAwMC9zdmciPjwvc3ZnPg==\" class=\"lazyload\" data-load-mode=\"1\"><\/iframe><\/p>\n<p>&nbsp;<\/p>\n<p>O Banco do\u00a0Brasil tirou do ar uma propaganda voltada ao p\u00fablico jovem\u00a0ap\u00f3s reclama\u00e7\u00e3o pessoal do presidente Jair Bolsonaro (PSL). A informa\u00e7\u00e3o foi divulgada nesta quinta-feira (25) pelo jornalista Lauro Jardim, do\u00a0<em>O Globo<\/em>\u00a0.<\/p>\n<p>Segundo\u00a0reportou Jardim no\u00a0<em>Globo<\/em>\u00a0,\u00a0<strong>Bolsonaro<\/strong>\u00a0procurou o presidente do BB, Rubem Novaes, para se queixar da campanha. Ao colunista, Novaes confirmou que Bolsonaro manifestou insatisfa\u00e7\u00e3o com a\u00a0<strong>propaganda<\/strong>\u00a0, mas n\u00e3o explicou o porqu\u00ea.<\/p>\n<p>&#8220;O presidente Bolsonaro e eu concordamos que o filme deveria ser recolhido&#8221;, afirmou Novaes.<\/p>\n<p class=\" \">A crise levou \u00e0 demiss\u00e3o do diretor de Comunica\u00e7\u00e3o e Marketing do BB, Delano Valentim. Segundo o presidente do\u00a0<strong>Banco do Brasil<\/strong>\u00a0, a sa\u00edda do executivo n\u00e3o gerou\u00a0mal estar.\u00a0&#8220;A sa\u00edda do diretor \u00e9 uma decis\u00e3o de consenso, inclusive com aceita\u00e7\u00e3o do pr\u00f3prio&#8221;, disse.<\/p>\n<p>&nbsp;<\/p>\n","protected":false},"excerpt":{"rendered":"<div class=\"mh-excerpt\"><p>Segundo colunista do jornal O Globo, presidente se queixou de pe\u00e7a publicit\u00e1ria marcada pela diversidade e diretor foi demitido; assista ao v\u00eddeo &nbsp; O Banco <a class=\"mh-excerpt-more\" href=\"https:\/\/folhaderondonianews.com\/news\/2019\/04\/25\/bolsonaro-reclama-e-banco-do-brasil-tira-do-ar-propaganda-voltada-para-jovens\/\" title=\"Bolsonaro reclama e Banco do Brasil tira do ar propaganda voltada para jovens\">[&#8230;]<\/a><\/p>\n<\/div>","protected":false},"author":1,"featured_media":22755,"comment_status":"open","ping_status":"closed","sticky":false,"template":"","format":"standard","meta":{"footnotes":""},"categories":[5],"tags":[1502,546,1427,4712],"class_list":["post-22751","post","type-post","status-publish","format-standard","has-post-thumbnail","hentry","category-brasil","tag-banco-do-brasil","tag-bolsonaro","tag-propaganda","tag-retira"],"_links":{"self":[{"href":"https:\/\/folhaderondonianews.com\/news\/wp-json\/wp\/v2\/posts\/22751","targetHints":{"allow":["GET"]}}],"collection":[{"href":"https:\/\/folhaderondonianews.com\/news\/wp-json\/wp\/v2\/posts"}],"about":[{"href":"https:\/\/folhaderondonianews.com\/news\/wp-json\/wp\/v2\/types\/post"}],"author":[{"embeddable":true,"href":"https:\/\/folhaderondonianews.com\/news\/wp-json\/wp\/v2\/users\/1"}],"replies":[{"embeddable":true,"href":"https:\/\/folhaderondonianews.com\/news\/wp-json\/wp\/v2\/comments?post=22751"}],"version-history":[{"count":0,"href":"https:\/\/folhaderondonianews.com\/news\/wp-json\/wp\/v2\/posts\/22751\/revisions"}],"wp:featuredmedia":[{"embeddable":true,"href":"https:\/\/folhaderondonianews.com\/news\/wp-json\/wp\/v2\/media\/22755"}],"wp:attachment":[{"href":"https:\/\/folhaderondonianews.com\/news\/wp-json\/wp\/v2\/media?parent=22751"}],"wp:term":[{"taxonomy":"category","embeddable":true,"href":"https:\/\/folhaderondonianews.com\/news\/wp-json\/wp\/v2\/categories?post=22751"},{"taxonomy":"post_tag","embeddable":true,"href":"https:\/\/folhaderondonianews.com\/news\/wp-json\/wp\/v2\/tags?post=22751"}],"curies":[{"name":"wp","href":"https:\/\/api.w.org\/{rel}","templated":true}]}}