{"id":22804,"date":"2019-04-15T08:34:49","date_gmt":"2019-04-15T12:34:49","guid":{"rendered":"http:\/\/folhaderondonianews.com\/news\/?p=22804"},"modified":"2019-05-16T17:38:33","modified_gmt":"2019-05-16T21:38:33","slug":"silvia-cristina-pede-mais-medicos-para-rondonia","status":"publish","type":"post","link":"https:\/\/folhaderondonianews.com\/news\/2019\/04\/15\/silvia-cristina-pede-mais-medicos-para-rondonia\/","title":{"rendered":"Silvia Cristina pede mais m\u00e9dicos para Rond\u00f4nia"},"content":{"rendered":"<p>A deputada federal<strong> Silvia Cristina<\/strong> (PDT-RO) participou ontem (15\/04) de uma Audi\u00eancia para Discutir a Situa\u00e7\u00e3o do <strong>Programa Mais M\u00e9dicos<\/strong> no Estado de Rond\u00f4nia com o secret\u00e1rio de Gest\u00e3o Estrat\u00e9gica e Participativa do Minist\u00e9rio da Sa\u00fade do Brasil, Erno Harzheim, t\u00e9cnica da Aspas, Rafaela Calado e chefe de gabinete substituto da SGEP, Thiago DallAgnol.<\/p>\n<div id=\"attachment_139582\" class=\"wp-caption fancybox-thumbs alignleft\">\n<figure id=\"attachment_139582\" aria-describedby=\"caption-attachment-139582\" style=\"width: 458px\" class=\"wp-caption alignleft fancybox-thumbs\"><img decoding=\"async\" class=\"wp-image-139582 lazyload\" data-src=\"https:\/\/www.diariodaamazonia.com.br\/gerenciador\/data\/uploads\/2019\/04\/Silvia-Cristina-pede-mais-m%C3%A9dicos-para-atender-a-popula%C3%A7%C3%A3o-de-RO.jpg\" alt=\"Silvia Cristina em reuni\u00e3o com Erno Harzheim, em Bras\u00edlia. \u2013 Foto: Divulga\u00e7\u00e3o\" width=\"458\" height=\"344\" aria-describedby=\"caption-attachment-139582\" src=\"data:image\/svg+xml;base64,PHN2ZyB3aWR0aD0iMSIgaGVpZ2h0PSIxIiB4bWxucz0iaHR0cDovL3d3dy53My5vcmcvMjAwMC9zdmciPjwvc3ZnPg==\" style=\"--smush-placeholder-width: 458px; --smush-placeholder-aspect-ratio: 458\/344;\" \/><figcaption id=\"caption-attachment-139582\" class=\"wp-caption-text\">Silvia Cristina em reuni\u00e3o com Erno Harzheim, em Bras\u00edlia. \u2013 Foto: Divulga\u00e7\u00e3o<\/figcaption><\/figure>\n<\/div>\n<p>\u201cNa audi\u00eancia cobrei a contrata\u00e7\u00e3o de novos m\u00e9dicos para suprir \u00e0s necessidades de Rond\u00f4nia. O deficit de Rond\u00f4nia \u00e9 de 50 m\u00e9dicos e este n\u00famero representa mais agilidade do atendimento da Sa\u00fade, especialmente na aten\u00e7\u00e3o b\u00e1sica e sa\u00fade ind\u00edgena em localidades de dif\u00edcil acesso\u201d, afirmou a deputada.<\/p>\n<p>O secret\u00e1rio de Gest\u00e3o Estrat\u00e9gica e Participativa do Minist\u00e9rio da Sa\u00fade do Brasil, Erno Harzheim garantiu \u00e0 deputada que at\u00e9 o in\u00edcio de maio um novo edital ser\u00e1 lan\u00e7ado para suprir est\u00e1 necessidade. \u201cFomos bem atendidos e ficamos contentes com o resultado da audi\u00eancia\u201d, ressaltou Silvia Cristina (PDT).<\/p>\n<p>&nbsp;<\/p>\n<p><strong>PROGRAMA<\/strong><\/p>\n<p>O Programa Mais M\u00e9dicos (PMM) \u00e9 parte de um amplo esfor\u00e7o do Governo Federal, com apoio de Estados e munic\u00edpios, \u00e0 melhoria do atendimento aos usu\u00e1rios do Sistema \u00danico de Sa\u00fade (SUS).<\/p>\n","protected":false},"excerpt":{"rendered":"<div class=\"mh-excerpt\"><p>A deputada federal Silvia Cristina (PDT-RO) participou ontem (15\/04) de uma Audi\u00eancia para Discutir a Situa\u00e7\u00e3o do Programa Mais M\u00e9dicos no Estado de Rond\u00f4nia com <a class=\"mh-excerpt-more\" href=\"https:\/\/folhaderondonianews.com\/news\/2019\/04\/15\/silvia-cristina-pede-mais-medicos-para-rondonia\/\" title=\"Silvia Cristina pede mais m\u00e9dicos para Rond\u00f4nia\">[&#8230;]<\/a><\/p>\n<\/div>","protected":false},"author":1,"featured_media":22805,"comment_status":"open","ping_status":"closed","sticky":false,"template":"","format":"standard","meta":{"footnotes":""},"categories":[9],"tags":[2503,4741,42,1401],"class_list":["post-22804","post","type-post","status-publish","format-standard","has-post-thumbnail","hentry","category-politica","tag-mais-medicos","tag-programa","tag-rondonia","tag-silvia-cristina"],"_links":{"self":[{"href":"https:\/\/folhaderondonianews.com\/news\/wp-json\/wp\/v2\/posts\/22804","targetHints":{"allow":["GET"]}}],"collection":[{"href":"https:\/\/folhaderondonianews.com\/news\/wp-json\/wp\/v2\/posts"}],"about":[{"href":"https:\/\/folhaderondonianews.com\/news\/wp-json\/wp\/v2\/types\/post"}],"author":[{"embeddable":true,"href":"https:\/\/folhaderondonianews.com\/news\/wp-json\/wp\/v2\/users\/1"}],"replies":[{"embeddable":true,"href":"https:\/\/folhaderondonianews.com\/news\/wp-json\/wp\/v2\/comments?post=22804"}],"version-history":[{"count":0,"href":"https:\/\/folhaderondonianews.com\/news\/wp-json\/wp\/v2\/posts\/22804\/revisions"}],"wp:featuredmedia":[{"embeddable":true,"href":"https:\/\/folhaderondonianews.com\/news\/wp-json\/wp\/v2\/media\/22805"}],"wp:attachment":[{"href":"https:\/\/folhaderondonianews.com\/news\/wp-json\/wp\/v2\/media?parent=22804"}],"wp:term":[{"taxonomy":"category","embeddable":true,"href":"https:\/\/folhaderondonianews.com\/news\/wp-json\/wp\/v2\/categories?post=22804"},{"taxonomy":"post_tag","embeddable":true,"href":"https:\/\/folhaderondonianews.com\/news\/wp-json\/wp\/v2\/tags?post=22804"}],"curies":[{"name":"wp","href":"https:\/\/api.w.org\/{rel}","templated":true}]}}