{"id":22810,"date":"2019-04-26T09:09:02","date_gmt":"2019-04-26T13:09:02","guid":{"rendered":"http:\/\/folhaderondonianews.com\/news\/?p=22810"},"modified":"2019-04-30T09:11:33","modified_gmt":"2019-04-30T13:11:33","slug":"silvia-cristina-cobra-solucao-para-habitacao-popular","status":"publish","type":"post","link":"https:\/\/folhaderondonianews.com\/news\/2019\/04\/26\/silvia-cristina-cobra-solucao-para-habitacao-popular\/","title":{"rendered":"Silvia Cristina cobra solu\u00e7\u00e3o para habita\u00e7\u00e3o popular"},"content":{"rendered":"<div>A deputada federal\u00a0<span class=\"markgdy4rtdmj\" data-markjs=\"true\" data-ogac=\"\" data-ogab=\"\" data-ogsc=\"\" data-ogsb=\"\">Silvia<\/span>\u00a0Cristina (PDT) participou na quarta-feira (24) de uma Audi\u00eancia conjunta realizada pela Comiss\u00e3o de Fiscaliza\u00e7\u00e3o, Controle e Desenvolvimento Regional da Amaz\u00f4nia, com o ministro de Desenvolvimento Regional, Gustavo Canuto para tratar sobre o Programa Minha Casa, Minha Vida. &#8220;Interpelei de maneira muito s\u00e9ria com rela\u00e7\u00e3o a problem\u00e1tica da habita\u00e7\u00e3o popular do Estado de Rond\u00f4nia. N\u00e3o \u00e9 f\u00e1cil, pois muitas obras est\u00e3o sendo executadas, mas n\u00e3o s\u00e3o finalizadas, deixando muitas pessoas que lutam pela \u00a0casa pr\u00f3pria sem realizar este sonho&#8221;, comentou\u00a0<span class=\"markgdy4rtdmj\" data-markjs=\"true\" data-ogac=\"\" data-ogab=\"\" data-ogsc=\"\" data-ogsb=\"\">Silvia<\/span>\u00a0Cristina, que cobrou, tamb\u00e9m, para que estas habita\u00e7\u00f5es sejam entregues com creches, escolas e \u00e1reas de lazer.<\/div>\n<div>Na audi\u00eancia, a deputada exemplificou o problema no munic\u00edpio de Ji-Paran\u00e1 com o Morar Melhor, que tem 1.453 apartamentos, 720 em fase final e que infelizmente a empresa n\u00e3o seguiu o cronograma da obra, que \u00e9 o sonho de muitos jiparanaenses.\u00a0<span class=\"markgdy4rtdmj\" data-markjs=\"true\" data-ogac=\"\" data-ogab=\"\" data-ogsc=\"\" data-ogsb=\"\">Silvia<\/span>\u00a0Cristina (PDT) disse ao \u00a0ministro que o Morar Melhor corre s\u00e9rios riscos de invas\u00f5es e que j\u00e1 foi alvo de furtos de cabos e outros componentes instalados, al\u00e9m de depreda\u00e7\u00f5es.<\/div>\n<div>&#8220;O ministro Gustavo Canuto ficou de dar um retorno especificamente para Rond\u00f4nia, mas disse que o governo s\u00f3 tem recurso at\u00e9 junho e que est\u00e3o estudando uma maneira para ter novos subs\u00eddios para este ano, pois tem muitas habita\u00e7\u00f5es no pa\u00eds que n\u00e3o foram conclu\u00eddas e que daria uma aten\u00e7\u00e3o especial para Rond\u00f4nia, que ele tem um carinho especial e parentes no estado. Ap\u00f3s este retorno, passaremos as informa\u00e7\u00f5es para a popula\u00e7\u00e3o rondoniense&#8221;, afirmou a deputada, ressaltando que a luta continua para que o sonho da casa pr\u00f3pria de centenas de pessoas seja realizado.<\/div>\n","protected":false},"excerpt":{"rendered":"<div class=\"mh-excerpt\"><p>A deputada federal\u00a0Silvia\u00a0Cristina (PDT) participou na quarta-feira (24) de uma Audi\u00eancia conjunta realizada pela Comiss\u00e3o de Fiscaliza\u00e7\u00e3o, Controle e Desenvolvimento Regional da Amaz\u00f4nia, com o <a class=\"mh-excerpt-more\" href=\"https:\/\/folhaderondonianews.com\/news\/2019\/04\/26\/silvia-cristina-cobra-solucao-para-habitacao-popular\/\" title=\"Silvia Cristina cobra solu\u00e7\u00e3o para habita\u00e7\u00e3o popular\">[&#8230;]<\/a><\/p>\n<\/div>","protected":false},"author":1,"featured_media":22811,"comment_status":"open","ping_status":"closed","sticky":false,"template":"","format":"standard","meta":{"footnotes":""},"categories":[3],"tags":[],"class_list":["post-22810","post","type-post","status-publish","format-standard","has-post-thumbnail","hentry","category-cotidiano"],"_links":{"self":[{"href":"https:\/\/folhaderondonianews.com\/news\/wp-json\/wp\/v2\/posts\/22810","targetHints":{"allow":["GET"]}}],"collection":[{"href":"https:\/\/folhaderondonianews.com\/news\/wp-json\/wp\/v2\/posts"}],"about":[{"href":"https:\/\/folhaderondonianews.com\/news\/wp-json\/wp\/v2\/types\/post"}],"author":[{"embeddable":true,"href":"https:\/\/folhaderondonianews.com\/news\/wp-json\/wp\/v2\/users\/1"}],"replies":[{"embeddable":true,"href":"https:\/\/folhaderondonianews.com\/news\/wp-json\/wp\/v2\/comments?post=22810"}],"version-history":[{"count":0,"href":"https:\/\/folhaderondonianews.com\/news\/wp-json\/wp\/v2\/posts\/22810\/revisions"}],"wp:featuredmedia":[{"embeddable":true,"href":"https:\/\/folhaderondonianews.com\/news\/wp-json\/wp\/v2\/media\/22811"}],"wp:attachment":[{"href":"https:\/\/folhaderondonianews.com\/news\/wp-json\/wp\/v2\/media?parent=22810"}],"wp:term":[{"taxonomy":"category","embeddable":true,"href":"https:\/\/folhaderondonianews.com\/news\/wp-json\/wp\/v2\/categories?post=22810"},{"taxonomy":"post_tag","embeddable":true,"href":"https:\/\/folhaderondonianews.com\/news\/wp-json\/wp\/v2\/tags?post=22810"}],"curies":[{"name":"wp","href":"https:\/\/api.w.org\/{rel}","templated":true}]}}