{"id":22916,"date":"2019-05-16T18:43:33","date_gmt":"2019-05-16T22:43:33","guid":{"rendered":"http:\/\/folhaderondonianews.com\/news\/?p=22916"},"modified":"2019-05-16T18:45:11","modified_gmt":"2019-05-16T22:45:11","slug":"palestras-exposicao-de-animais-e-debates-na-2a-rondoleite","status":"publish","type":"post","link":"https:\/\/folhaderondonianews.com\/news\/2019\/05\/16\/palestras-exposicao-de-animais-e-debates-na-2a-rondoleite\/","title":{"rendered":"Palestras, exposi\u00e7\u00e3o de animais e debates na 2\u00aa Rondoleite"},"content":{"rendered":"<div class=\"entry mt10\">\n<p>&nbsp;<\/p>\n<p>A 2\u00aa <strong>Rondoleite,<\/strong> feira estadual que promove o fortalecimento e desenvolvimento da cadeia produtiva do leite em Rond\u00f4nia, acontece paralela \u00e0 8\u00aa Rond\u00f4nia Rural Show, no Centro Tecnol\u00f3gico Vandeci Rack. A programa\u00e7\u00e3o, que acontece de 22 a 25 de maio, proporciona aos pecuaristas e curiosos do agroneg\u00f3cio diversas oportunidades de conhecimento acerca do tema que tem alavancado a economia do Estado.<\/p>\n<p>Todos os atores da pecu\u00e1ria leiteira participar\u00e3o de discuss\u00f5es sobre as novidades, tecnologia, melhoramento gen\u00e9tico, exposi\u00e7\u00e3o de animais, debates sobre as dificuldades e comportamento atual do mercado nacional. Desenvolvida pela Secretaria de Estado da Agricultura (Seagri), sendo a primeira realiza\u00e7\u00e3o junto\u00a0\u00e0 <strong>Rond\u00f4nia Rural Show, em Ji-Paran\u00e1,<\/strong> promove a possibilidade da participa\u00e7\u00e3o de atores de outras cadeias produtivas, favorecendo o crescimento do setor produtivo.<\/p>\n<p><img decoding=\"async\" data-src=\"https:\/\/folhaderondonianews.com\/news\/wp-content\/uploads\/2019\/05\/970X90.jpg\" src=\"data:image\/svg+xml;base64,PHN2ZyB3aWR0aD0iMSIgaGVpZ2h0PSIxIiB4bWxucz0iaHR0cDovL3d3dy53My5vcmcvMjAwMC9zdmciPjwvc3ZnPg==\" class=\"lazyload\" style=\"--smush-placeholder-width: 970px; --smush-placeholder-aspect-ratio: 970\/90;\" \/><\/p>\n<p>Cerca de 200 animais ser\u00e3o expostos para comercializa\u00e7\u00e3o da ra\u00e7a ou gen\u00e9tica. Currais de conten\u00e7\u00e3o ser\u00e3o divididos pelas ra\u00e7as Girolando, ABCZ leite e ABCZ corte; nos estandes e audit\u00f3rio ser\u00e3o realizados palestras e empresas do ramo poder\u00e3o apresentar pr\u00e1ticas ou produtos inovadores entre as programa\u00e7\u00f5es.<\/p>\n<p>Um dos temas de destaque da 2\u00aa Rondoleite, \u00e9 \u201cDesafios com a retirada da vacina\u00e7\u00e3o de Febre Aftosa\u201d que abre a feira, na quarta-feira (22). A possibilidade de retirada da vacina\u00e7\u00e3o imprime desafios ao Estado quanto \u00e0 adequa\u00e7\u00e3o do servi\u00e7o veterin\u00e1rio para melhor capacita\u00e7\u00e3o de vigil\u00e2ncia, de forma a detectar precocemente a doen\u00e7a, assim como o papel essencial do produtor para aten\u00e7\u00e3o com os focos da doen\u00e7a e notifica\u00e7\u00e3o \u00e0 Ag\u00eancia Idaron (Ag\u00eancia de Defesa Agrosilvopastoril) para recupera\u00e7\u00e3o imediata das \u00e1reas. \u201cN\u00e3o se consegue hoje se manter uma \u00e1rea livre de aftosa sem vacina\u00e7\u00e3o. Sem fazer que o produtor entenda muito sobre sua responsabilidade em a\u00e7\u00f5es de transporte animal apenas com guia de tr\u00e2nsito animal, denunciando qualquer tipo de irregularidade ou suspeita de doen\u00e7a em sua propriedade e de vizinhos para que a Ag\u00eancia Idaron chegue oportunamente \u00e0 propriedade, investigue, e se for o caso de febre aftosa, atue com isolamento do foco em uma pequena regi\u00e3o\u201d, explicou M\u00e1rcio Alex Petr\u00f3, diretor t\u00e9cnico da <strong>Idaron<\/strong>.<\/p>\n<p><iframe title=\"Credisis na Rondoina Rural Show\" width=\"500\" height=\"281\" data-src=\"https:\/\/www.youtube.com\/embed\/zkaNjJ3u7LM?feature=oembed\" frameborder=\"0\" allow=\"accelerometer; autoplay; clipboard-write; encrypted-media; gyroscope; picture-in-picture; web-share\" referrerpolicy=\"strict-origin-when-cross-origin\" allowfullscreen src=\"data:image\/svg+xml;base64,PHN2ZyB3aWR0aD0iMSIgaGVpZ2h0PSIxIiB4bWxucz0iaHR0cDovL3d3dy53My5vcmcvMjAwMC9zdmciPjwvc3ZnPg==\" class=\"lazyload\" data-load-mode=\"1\"><\/iframe><\/p>\n<\/div>\n<div class=\"clearfix\"><\/div>\n<hr \/>\n<blockquote class=\"verde\"><p><b>Fonte<\/b><br \/>\nTexto: Gaia Bentes<br \/>\nFotos: Daiane Mendon\u00e7a e Arquivo Seagri<br \/>\nSecom &#8211; Governo de Rond\u00f4nia<\/p><\/blockquote>\n","protected":false},"excerpt":{"rendered":"<div class=\"mh-excerpt\"><p>A 2\u00aa Rondoleite tem programa\u00e7\u00e3o variada com palestras, exposi\u00e7\u00e3o de animais e debates sobre a cadeia produtiva.<\/p>\n<\/div>","protected":false},"author":1,"featured_media":22918,"comment_status":"open","ping_status":"closed","sticky":false,"template":"","format":"standard","meta":{"footnotes":""},"categories":[6],"tags":[1828,99,4792,1076],"class_list":["post-22916","post","type-post","status-publish","format-standard","has-post-thumbnail","hentry","category-agronegocio","tag-idaron","tag-ji-parana","tag-rondoleite","tag-rondonia-rural-show"],"_links":{"self":[{"href":"https:\/\/folhaderondonianews.com\/news\/wp-json\/wp\/v2\/posts\/22916","targetHints":{"allow":["GET"]}}],"collection":[{"href":"https:\/\/folhaderondonianews.com\/news\/wp-json\/wp\/v2\/posts"}],"about":[{"href":"https:\/\/folhaderondonianews.com\/news\/wp-json\/wp\/v2\/types\/post"}],"author":[{"embeddable":true,"href":"https:\/\/folhaderondonianews.com\/news\/wp-json\/wp\/v2\/users\/1"}],"replies":[{"embeddable":true,"href":"https:\/\/folhaderondonianews.com\/news\/wp-json\/wp\/v2\/comments?post=22916"}],"version-history":[{"count":0,"href":"https:\/\/folhaderondonianews.com\/news\/wp-json\/wp\/v2\/posts\/22916\/revisions"}],"wp:featuredmedia":[{"embeddable":true,"href":"https:\/\/folhaderondonianews.com\/news\/wp-json\/wp\/v2\/media\/22918"}],"wp:attachment":[{"href":"https:\/\/folhaderondonianews.com\/news\/wp-json\/wp\/v2\/media?parent=22916"}],"wp:term":[{"taxonomy":"category","embeddable":true,"href":"https:\/\/folhaderondonianews.com\/news\/wp-json\/wp\/v2\/categories?post=22916"},{"taxonomy":"post_tag","embeddable":true,"href":"https:\/\/folhaderondonianews.com\/news\/wp-json\/wp\/v2\/tags?post=22916"}],"curies":[{"name":"wp","href":"https:\/\/api.w.org\/{rel}","templated":true}]}}