{"id":22922,"date":"2019-05-16T19:14:55","date_gmt":"2019-05-16T23:14:55","guid":{"rendered":"http:\/\/folhaderondonianews.com\/news\/?p=22922"},"modified":"2019-05-16T19:14:55","modified_gmt":"2019-05-16T23:14:55","slug":"lbv-em-apoio-emergencial-a-familias-em-situacao-de-vulnerabilidade","status":"publish","type":"post","link":"https:\/\/folhaderondonianews.com\/news\/2019\/05\/16\/lbv-em-apoio-emergencial-a-familias-em-situacao-de-vulnerabilidade\/","title":{"rendered":"LBV em apoio emergencial a fam\u00edlias em situa\u00e7\u00e3o de vulnerabilidade"},"content":{"rendered":"<p class=\"iw\"><span class=\"qu\" tabindex=\"-1\" role=\"gridcell\"><span class=\"gD\" data-hovercard-id=\"PauloA@lbv.org.br\" data-hovercard-owner-id=\"22\"><strong>Paulo S\u00e9rgio<\/strong> &#8211;\u00a0<\/span><\/span> &#8211; A Legi\u00e3o da Boa Vontade (LBV) vai intensificar seu trabalho socioeducacional durante os meses de abril a agosto em todo o pa\u00eds, com a realiza\u00e7\u00e3o de a\u00e7\u00f5es emergenciais em prol de fam\u00edlias em situa\u00e7\u00e3o de pobreza que sofrem principalmente nesse per\u00edodo do ano, com as estiagens, as cheias e as baixas temperaturas.<\/p>\n<p><img decoding=\"async\" class=\"alignnone size-full wp-image-22917 lazyload\" data-src=\"https:\/\/folhaderondonianews.com\/news\/wp-content\/uploads\/2019\/05\/970X90.jpg\" alt=\"\" width=\"970\" height=\"90\" data-srcset=\"https:\/\/folhaderondonianews.com\/news\/wp-content\/uploads\/2019\/05\/970X90.jpg 970w, https:\/\/folhaderondonianews.com\/news\/wp-content\/uploads\/2019\/05\/970X90-300x28.jpg 300w\" data-sizes=\"(max-width: 970px) 100vw, 970px\" src=\"data:image\/svg+xml;base64,PHN2ZyB3aWR0aD0iMSIgaGVpZ2h0PSIxIiB4bWxucz0iaHR0cDovL3d3dy53My5vcmcvMjAwMC9zdmciPjwvc3ZnPg==\" style=\"--smush-placeholder-width: 970px; --smush-placeholder-aspect-ratio: 970\/90;\" \/><\/p>\n<p style=\"font-weight: 400;\">A a\u00e7\u00e3o faz parte da campanha\u00a0<em>Diga Sim!<\/em>, promovida pela LBV, e visa mobilizar a sociedade a fazer doa\u00e7\u00f5es. Mediante os recursos arrecadados, a Institui\u00e7\u00e3o far\u00e1 a entrega de cobertores e de cestas de alimentos em dezenas de munic\u00edpios brasileiros.<\/p>\n<p style=\"font-weight: 400;\">A meta \u00e9 entregar\u00a0<strong>17.500 cobertores<\/strong>\u00a0no Distrito Federal e em cidades de Goi\u00e1s, do Mato Grosso do Sul, de Minas Gerais, do Paran\u00e1, do Rio Grande do Sul, do Rio de Janeiro, de Santa Catarina e de S\u00e3o Paulo,; e\u00a0<strong>12.500 cestas de alimentos<\/strong>, contendo itens b\u00e1sicos e que estejam de acordo com os costumes regionais, para fam\u00edlias nos seguintes Estados: Acre, Alagoas, Amap\u00e1, Bahia, Cear\u00e1, Esp\u00edrito Santo, Goi\u00e1s, Maranh\u00e3o, Mato Grosso, Minas Gerais, Para\u00edba, Pernambuco, Piau\u00ed, Rio de Janeiro, Rio Grande do Norte, Rond\u00f4nia, Roraima, Sergipe e Tocantins.<\/p>\n<p style=\"font-weight: 400;\">Em Rond\u00f4nia as doa\u00e7\u00f5es ser\u00e3o entregues nas cidades de Cacoal, Ouro Preto do Oeste e em Porto Velho, no m\u00eas de julho. Ser\u00e3o atendidas 750 fam\u00edlias de comunidades ribeirinhas e em situa\u00e7\u00e3o de vulnerabilidade social atendidas pela LBV e por Institui\u00e7\u00f5es parceiras.<\/p>\n<p style=\"font-weight: 400;\">Quando a LBV chamar, atenda com o cora\u00e7\u00e3o:\u00a0<strong>DIGA SIM!<\/strong><em>\u00a0<\/em>As doa\u00e7\u00f5es para a campanha podem ser feitas no\u00a0<em>site<\/em>\u00a0<a href=\"http:\/\/www.lbv.org\/digasim\" data-saferedirecturl=\"https:\/\/www.google.com\/url?q=http:\/\/www.lbv.org\/digasim&amp;source=gmail&amp;ust=1558128811393000&amp;usg=AFQjCNG6vwrF29NJq6zDflTC2PKrVjVnBQ\"><strong>www.lbv.org\/digasim<\/strong><\/a>, pelo 0800 055 50 99 ou, ainda, diretamente em uma das unidades da Institui\u00e7\u00e3o. Em Porto Velho\/RO, fica localizada na Avenida Farquar, 3.470 &#8211; Pedrinhas. Informa\u00e7\u00f5es pelo telefone (69) 3221-0747. Para saber mais sobre a entrega das doa\u00e7\u00f5es, acesse\u00a0<strong>LBVBrasil<\/strong>\u00a0no\u00a0Facebook, no Instagram e no YouTube.<\/p>\n<p><img decoding=\"async\" class=\"alignnone size-full wp-image-22925 lazyload\" data-src=\"https:\/\/folhaderondonianews.com\/news\/wp-content\/uploads\/2019\/05\/LBV-Rondonia2.jpg\" alt=\"\" width=\"640\" height=\"303\" data-srcset=\"https:\/\/folhaderondonianews.com\/news\/wp-content\/uploads\/2019\/05\/LBV-Rondonia2.jpg 640w, https:\/\/folhaderondonianews.com\/news\/wp-content\/uploads\/2019\/05\/LBV-Rondonia2-300x142.jpg 300w\" data-sizes=\"(max-width: 640px) 100vw, 640px\" src=\"data:image\/svg+xml;base64,PHN2ZyB3aWR0aD0iMSIgaGVpZ2h0PSIxIiB4bWxucz0iaHR0cDovL3d3dy53My5vcmcvMjAwMC9zdmciPjwvc3ZnPg==\" style=\"--smush-placeholder-width: 640px; --smush-placeholder-aspect-ratio: 640\/303;\" \/><\/p>\n<p><iframe title=\"Credisis na Rondoina Rural Show\" width=\"500\" height=\"281\" data-src=\"https:\/\/www.youtube.com\/embed\/zkaNjJ3u7LM?feature=oembed\" frameborder=\"0\" allow=\"accelerometer; autoplay; clipboard-write; encrypted-media; gyroscope; picture-in-picture; web-share\" referrerpolicy=\"strict-origin-when-cross-origin\" allowfullscreen src=\"data:image\/svg+xml;base64,PHN2ZyB3aWR0aD0iMSIgaGVpZ2h0PSIxIiB4bWxucz0iaHR0cDovL3d3dy53My5vcmcvMjAwMC9zdmciPjwvc3ZnPg==\" class=\"lazyload\" data-load-mode=\"1\"><\/iframe><\/p>\n","protected":false},"excerpt":{"rendered":"<div class=\"mh-excerpt\"><p>Iniciativa vai entregar cestas de alimentos para 750 fam\u00edlias em Rond\u00f4nia.<\/p>\n<\/div>","protected":false},"author":1,"featured_media":22924,"comment_status":"open","ping_status":"closed","sticky":false,"template":"","format":"standard","meta":{"footnotes":""},"categories":[3],"tags":[2525,4793,42],"class_list":["post-22922","post","type-post","status-publish","format-standard","has-post-thumbnail","hentry","category-cotidiano","tag-lbv","tag-paulo-sergio","tag-rondonia"],"_links":{"self":[{"href":"https:\/\/folhaderondonianews.com\/news\/wp-json\/wp\/v2\/posts\/22922","targetHints":{"allow":["GET"]}}],"collection":[{"href":"https:\/\/folhaderondonianews.com\/news\/wp-json\/wp\/v2\/posts"}],"about":[{"href":"https:\/\/folhaderondonianews.com\/news\/wp-json\/wp\/v2\/types\/post"}],"author":[{"embeddable":true,"href":"https:\/\/folhaderondonianews.com\/news\/wp-json\/wp\/v2\/users\/1"}],"replies":[{"embeddable":true,"href":"https:\/\/folhaderondonianews.com\/news\/wp-json\/wp\/v2\/comments?post=22922"}],"version-history":[{"count":0,"href":"https:\/\/folhaderondonianews.com\/news\/wp-json\/wp\/v2\/posts\/22922\/revisions"}],"wp:featuredmedia":[{"embeddable":true,"href":"https:\/\/folhaderondonianews.com\/news\/wp-json\/wp\/v2\/media\/22924"}],"wp:attachment":[{"href":"https:\/\/folhaderondonianews.com\/news\/wp-json\/wp\/v2\/media?parent=22922"}],"wp:term":[{"taxonomy":"category","embeddable":true,"href":"https:\/\/folhaderondonianews.com\/news\/wp-json\/wp\/v2\/categories?post=22922"},{"taxonomy":"post_tag","embeddable":true,"href":"https:\/\/folhaderondonianews.com\/news\/wp-json\/wp\/v2\/tags?post=22922"}],"curies":[{"name":"wp","href":"https:\/\/api.w.org\/{rel}","templated":true}]}}