{"id":23032,"date":"2019-05-27T22:50:29","date_gmt":"2019-05-28T02:50:29","guid":{"rendered":"http:\/\/folhaderondonianews.com\/news\/?p=23032"},"modified":"2019-05-27T22:52:17","modified_gmt":"2019-05-28T02:52:17","slug":"cantor-gabriel-diniz-morre-em-queda-de-aviao-em-sergipe","status":"publish","type":"post","link":"https:\/\/folhaderondonianews.com\/news\/2019\/05\/27\/cantor-gabriel-diniz-morre-em-queda-de-aviao-em-sergipe\/","title":{"rendered":"Cantor Gabriel Diniz morre em queda de avi\u00e3o em Sergipe"},"content":{"rendered":"<p>ABr &#8211; O cantor e compositor Gabriel Diniz morreu hoje (27), aos 28 anos, na queda de um avi\u00e3o de pequeno porte na regi\u00e3o da Praia do Saco, em Est\u00e2ncia, Sergipe, no in\u00edcio desta tarde. Gabriel ficou conhecido nacionalmente ap\u00f3s lan\u00e7ar a m\u00fasica Jenifer, em janeiro deste ano. Na noite de ontem (26), o cantor fez show em Feira de Santana, na Bahia.<\/p>\n<div class=\"dnd-widget-wrapper context-medio_4colunas type-image atom-align-left\">\n<div class=\"dnd-atom-rendered\">\n<figure class=\"mejs-fotoh-wrapper\">\n<p><figure style=\"width: 365px\" class=\"wp-caption alignleft\"><img decoding=\"async\" class=\"img-responsive full full lazyload\" title=\"Divulga\u00e7\u00e3o Prefeitura de Guarabira PB\" data-src=\"http:\/\/imagens.ebc.com.br\/GSwW5waaAkWpLeO0peXIvxuO0JU=\/365x0\/smart\/http:\/\/agenciabrasil.ebc.com.br\/sites\/default\/files\/thumbnails\/image\/pref_de_guarabira_pb_0_0.jpg?itok=SFY0tEMF\" alt=\"Gabriel Diniz, acidente, avi\u00e3o\" width=\"365\" height=\"244\" src=\"data:image\/svg+xml;base64,PHN2ZyB3aWR0aD0iMSIgaGVpZ2h0PSIxIiB4bWxucz0iaHR0cDovL3d3dy53My5vcmcvMjAwMC9zdmciPjwvc3ZnPg==\" style=\"--smush-placeholder-width: 365px; --smush-placeholder-aspect-ratio: 365\/244;\" \/><figcaption class=\"wp-caption-text\">Cantor Gabriel Diniz-\u00a0Divulga\u00e7\u00e3o Prefeitura de Guarabira PB<\/figcaption><\/figure><\/figure>\n<\/div>\n<div class=\"dnd-caption-wrapper\">\n<h6 class=\"meta\"><\/h6>\n<\/div>\n<\/div>\n<p>Al\u00e9m do cantor, os dois pilotos tamb\u00e9m morreram no acidente. De acordo com a Secretaria de Seguran\u00e7a P\u00fablica de Sergipe, os tr\u00eas corpos foram resgatados e est\u00e3o em deslocamento para Aracaju, capital sergipana, onde dar\u00e3o entrada no Instituto M\u00e9dico Legal.<\/p>\n<p>O vel\u00f3rio do cantor e compositor Gabriel Diniz vai ser nesta ter\u00e7a-feira (2), em Jo\u00e3o Pessoa, na Para\u00edba.<\/p>\n<p>De acordo com a Ag\u00eancia Nacional de Avia\u00e7\u00e3o Civil (Anac), o avi\u00e3o monomotor, de matr\u00edcula PT-KLO, da fabricante Piper Aircraft, era de propriedade do Aeroclube de Alagoas e tinha capacidade m\u00e1xima de tr\u00eas passageiros mais a tripula\u00e7\u00e3o, totalizando quatro assentos. A aeronave estava em situa\u00e7\u00e3o regular, com o Certificado de Aeronavegabilidade v\u00e1lido at\u00e9 fevereiro de 2023 e a Inspe\u00e7\u00e3o Anual de Manuten\u00e7\u00e3o (IAM) em dia at\u00e9 mar\u00e7o de 2020, mas s\u00f3 poderia ser utilizado para fazer voos de instru\u00e7\u00e3o.<\/p>\n<p>As investiga\u00e7\u00f5es sobre as causas do acidente est\u00e3o sendo conduzidas pelo Segundo Servi\u00e7o Regional de Investiga\u00e7\u00e3o e Preven\u00e7\u00e3o de Acidentes Aeron\u00e1uticos (Seripa II), de Pernambuco (PE), \u00f3rg\u00e3o regional do Centro de Investiga\u00e7\u00e3o e Preven\u00e7\u00e3o de Acidentes Aeron\u00e1uticos (Cenipa), do Comando da Aeron\u00e1utica.<\/p>\n<p>Em nota, a Universal Music Brasil, gravadora de Gabriel Diniz, confirmou o falecimento do cantor, \u201cconhecido pelo seu inigual\u00e1vel carisma e alegria nos palcos e fora deles\u201d. \u201cUm dos maiores artistas em ascens\u00e3o no Brasil, talentoso demais, um ser de muita luz, uma das pessoas mais alegres que conheci em toda a minha vida. A fam\u00edlia Universal Music chora por sua partida. Descanse em paz meu amigo. Que as suas m\u00fasicas fiquem eternizadas e nos ajudem a amenizar essa nossa dor. Muita for\u00e7a e conforto para todos os familiares e amigos\u201d, lamentou o presidente da gravadora, Paulo Lima.<\/p>\n<p>\u00c0 tarde, o presidente Jair Bolsonaro lamentou, no Twitter, a morte do cantor e dos outros dois ocupantes da aeronave: &#8220;Meus sinceros sentimentos \u00e0s fam\u00edlias das v\u00edtimas&#8221;, escreveu o presidente.<\/p>\n<div class=\"edicao\"><span class=\"txtGeral\">Val\u00e9ria Aguiar<\/span><\/div>\n<div class=\"tags\"><\/div>\n<p><iframe title=\"Vel\u00f3rio de Gabriel Diniz ser\u00e1 em Jo\u00e3o Pessoa\" width=\"500\" height=\"281\" data-src=\"https:\/\/www.youtube.com\/embed\/-bwolV-xv_k?feature=oembed\" frameborder=\"0\" allow=\"accelerometer; autoplay; clipboard-write; encrypted-media; gyroscope; picture-in-picture; web-share\" referrerpolicy=\"strict-origin-when-cross-origin\" allowfullscreen src=\"data:image\/svg+xml;base64,PHN2ZyB3aWR0aD0iMSIgaGVpZ2h0PSIxIiB4bWxucz0iaHR0cDovL3d3dy53My5vcmcvMjAwMC9zdmciPjwvc3ZnPg==\" class=\"lazyload\" data-load-mode=\"1\"><\/iframe><\/p>\n","protected":false},"excerpt":{"rendered":"<div class=\"mh-excerpt\"><p>O cantor Gabriel Diniz morreu ao sofrer um acidente de avi\u00e3o.<\/p>\n<\/div>","protected":false},"author":1,"featured_media":23034,"comment_status":"open","ping_status":"closed","sticky":false,"template":"","format":"standard","meta":{"footnotes":""},"categories":[5],"tags":[267,4842,94,4843],"class_list":["post-23032","post","type-post","status-publish","format-standard","has-post-thumbnail","hentry","category-brasil","tag-aviao","tag-cantor-gabriel-diniz","tag-morre","tag-sergipe"],"_links":{"self":[{"href":"https:\/\/folhaderondonianews.com\/news\/wp-json\/wp\/v2\/posts\/23032","targetHints":{"allow":["GET"]}}],"collection":[{"href":"https:\/\/folhaderondonianews.com\/news\/wp-json\/wp\/v2\/posts"}],"about":[{"href":"https:\/\/folhaderondonianews.com\/news\/wp-json\/wp\/v2\/types\/post"}],"author":[{"embeddable":true,"href":"https:\/\/folhaderondonianews.com\/news\/wp-json\/wp\/v2\/users\/1"}],"replies":[{"embeddable":true,"href":"https:\/\/folhaderondonianews.com\/news\/wp-json\/wp\/v2\/comments?post=23032"}],"version-history":[{"count":0,"href":"https:\/\/folhaderondonianews.com\/news\/wp-json\/wp\/v2\/posts\/23032\/revisions"}],"wp:featuredmedia":[{"embeddable":true,"href":"https:\/\/folhaderondonianews.com\/news\/wp-json\/wp\/v2\/media\/23034"}],"wp:attachment":[{"href":"https:\/\/folhaderondonianews.com\/news\/wp-json\/wp\/v2\/media?parent=23032"}],"wp:term":[{"taxonomy":"category","embeddable":true,"href":"https:\/\/folhaderondonianews.com\/news\/wp-json\/wp\/v2\/categories?post=23032"},{"taxonomy":"post_tag","embeddable":true,"href":"https:\/\/folhaderondonianews.com\/news\/wp-json\/wp\/v2\/tags?post=23032"}],"curies":[{"name":"wp","href":"https:\/\/api.w.org\/{rel}","templated":true}]}}