{"id":23126,"date":"2019-06-05T09:41:51","date_gmt":"2019-06-05T13:41:51","guid":{"rendered":"http:\/\/folhaderondonianews.com\/news\/?p=23126"},"modified":"2019-06-05T09:41:51","modified_gmt":"2019-06-05T13:41:51","slug":"cinco-dicas-para-fazer-o-seu-negocio-mais-sustentavel","status":"publish","type":"post","link":"https:\/\/folhaderondonianews.com\/news\/2019\/06\/05\/cinco-dicas-para-fazer-o-seu-negocio-mais-sustentavel\/","title":{"rendered":"Cinco dicas para fazer o seu neg\u00f3cio mais sustent\u00e1vel"},"content":{"rendered":"<p style=\"font-weight: 400;\">Uma pesquisa feita pelo Sebrae, em 2013, j\u00e1 observava que a sustentabilidade havia entrado de vez na pauta dos pequenos neg\u00f3cios. Naquele ano, grande parte dos entrevistados admitiram que o comprometimento com o tema abria oportunidades de ganhos maiores. Entre os benef\u00edcios observados pelos empres\u00e1rios estavam a redu\u00e7\u00e3o de custos por causa da melhor gest\u00e3o ambiental, valoriza\u00e7\u00e3o da empresa diante do poder p\u00fablico e da sociedade, aumento da possibilidade de contratos com grandes corpora\u00e7\u00f5es, entre outros fatores.<\/p>\n<p style=\"font-weight: 400;\">O comprometimento do micro e pequeno neg\u00f3cio foi confirmado novamente em 2018, por uma nova pesquisa feita pelo Centro de Sebrae de Sustentabilidade (CSS), localizado em Cuiab\u00e1. O levantamento realizado com mais de 1,8 mil empres\u00e1rios do segmento, indicou quais os motivos que os levam a adotarem pr\u00e1ticas sustent\u00e1veis &#8211; efici\u00eancia energ\u00e9tica, uso eficiente de \u00e1gua, gest\u00e3o de res\u00edduos, apoio \u00e0 comunidade local, entre outras. O primeiro deles foi a preserva\u00e7\u00e3o ambiental (67%), redu\u00e7\u00e3o de custos (20%), marketing e propaganda (4%) e cumprimento da legisla\u00e7\u00e3o (2%). \u00a0Conforme a pesquisa, 97% dos entrevistados substitu\u00edram l\u00e2mpadas incandescentes por fluorescentes econ\u00f4micas e LED, enquanto que 74% possuem hor\u00e1rios definidos para ligar e desligar equipamentos e 68% trocaram equipamentos ou maquin\u00e1rios por outros mais eficientes. Quanto ao uso da \u00e1gua, os donos de pequenos neg\u00f3cio tamb\u00e9m j\u00e1 est\u00e3o se conscientizando sobre o seu uso, sendo que 60% dos entrevistados declararam ter alguma pr\u00e1tica para economizar esse recurso, 48% instalaram vasos sanit\u00e1rios acoplados com descarga de duplo acionamento, 45% fazem reaproveitamento de \u00e1gua (pias, chuveiro) para fins n\u00e3o pot\u00e1veis (lavar pisos, regar plantas e jardins, lavar autom\u00f3veis), e 29% fazem capta\u00e7\u00e3o de \u00e1gua da chuva.<\/p>\n<p style=\"font-weight: 400;\">A mesma evolu\u00e7\u00e3o foi observada quanto aos res\u00edduos s\u00f3lidos, sendo que 81% dos entrevistados na pesquisa do CSS adotaram alguma iniciativa para separa\u00e7\u00e3o e destina\u00e7\u00e3o correta dos res\u00edduos. Outros 87% separam res\u00edduos n\u00e3o recicl\u00e1veis (\u00famidos) dos recicl\u00e1veis (secos) para encaminhar \u00e0 reciclagem e 71% separam res\u00edduos perigosos (l\u00e2mpadas, \u00f3leo, pilhas e baterias, eletr\u00f4nicos) para coleta por empresa especializada.<\/p>\n<p style=\"font-weight: 400;\">Nesta Semana Mundial do Meio Ambiente, o Sebrae preparou cinco dicas para quem quer tornar seu neg\u00f3cio ambientalmente sustent\u00e1vel.<\/p>\n<p style=\"font-weight: 400;\">Confira tamb\u00e9m essas e outras dicas no Canal do<a href=\"https:\/\/www.youtube.com\/watch?v=Jkjc2cghpck&amp;feature=youtu.be\" data-saferedirecturl=\"https:\/\/www.google.com\/url?q=https:\/\/www.youtube.com\/watch?v%3DJkjc2cghpck%26feature%3Dyoutu.be&amp;source=gmail&amp;ust=1559826187926000&amp;usg=AFQjCNGwXhcBOy6DQ7o_okuf_Z5JjdP3ew\">\u00a0Sebrae no YouTube.<\/a><\/p>\n<p style=\"font-weight: 400;\"><strong>1 \u2013 Planejamento estrat\u00e9gico<\/strong><\/p>\n<p style=\"font-weight: 400;\">Adote a sustentabilidade no cora\u00e7\u00e3o da sua empresa, estando presente em todas a suas atividades, pois a sustentabilidade n\u00e3o \u00e9 apenas um departamento da empresa. Procure saber quais s\u00e3o os aspectos da sustentabilidade mais importantes no seu segmento. Utiliza muita energia ou \u00e1gua? Onde est\u00e3o os desperd\u00edcios? As mat\u00e9rias primas para fabrica\u00e7\u00e3o ou presta\u00e7\u00e3o de servi\u00e7os s\u00e3o poluentes? Existem alternativas para produzir como menor impacto e de maneira mais econ\u00f4mica? Se n\u00e3o, como sua empresa ir\u00e1 mitigar estes impactos? Al\u00e9m disso, quais s\u00e3o as condi\u00e7\u00f5es de vida das pessoas que est\u00e3o ligadas \u00e0 sua empresa? O impacto social \u00e9 positivo ou negativo?<\/p>\n<p style=\"font-weight: 400;\"><strong>2 \u2013 Gest\u00e3o ambiental<\/strong><\/p>\n<ul style=\"font-weight: 400;\">\n<li>Economia Circular &#8211; verifique o ciclo de vida de seus produtos ou servi\u00e7os (saiba todas as etapas do processo de fabrica\u00e7\u00e3o ou cria\u00e7\u00e3o at\u00e9 entregar o produto\/servi\u00e7o nas m\u00e3os de seu cliente e onde poder\u00e1 reduzir, reutilizar, recuperar e reciclar materiais e energia.)<\/li>\n<li>Planejamento (compra de insumos de proced\u00eancia sustent\u00e1vel)<\/li>\n<li>Log\u00edstica reversa (viabilize a coleta e a restitui\u00e7\u00e3o dos res\u00edduos s\u00f3lidos, para reaproveitamento, em seu ciclo ou em outros ciclos produtivos, ou outra destina\u00e7\u00e3o final ambientalmente adequada)<\/li>\n<li>Mat\u00e9ria-prima confi\u00e1vel (ver o hist\u00f3rico do seu fornecedor, o que est\u00e1 comprando se vem de fonte renov\u00e1vel, baixo impacto ambiental e m\u00e3o de obra respons\u00e1vel)<\/li>\n<li>Design sustent\u00e1vel (produtos e servi\u00e7os com sintonia nas quest\u00f5es ambientais, na sua produ\u00e7\u00e3o, utiliza\u00e7\u00e3o e descarte)<\/li>\n<li>Neutraliza\u00e7\u00e3o de carbono (compra cr\u00e9dito de carbono ou cotas de reflorestamento em empresas certificadas)<\/li>\n<li>Licenciamento ambiental (obtenha o licenciamento para as atividades que exigirem)<\/li>\n<\/ul>\n<p style=\"font-weight: 400;\"><strong>3 \u2013 Uso eficiente da \u00e1gua<\/strong><\/p>\n<p style=\"font-weight: 400;\">Fique atento a vazamentos e desperd\u00edcios no dia a dia da empresa. Instale novas tecnologias, como arejadores nas torneiras, e analise o modo de fabrica\u00e7\u00e3o de seu produto ou presta\u00e7\u00e3o de servi\u00e7o para encontrar novas formas de reduzir o consumo de \u00e1gua. Procure utilizar produtos de limpeza biodegrad\u00e1veis e antes de lavar o estabelecimento, use a vassoura para retirar a sujeira pesada e utilize um balde com sab\u00e3o e outro com \u00e1gua limpa, que deve ser reutilizada sempre que poss\u00edvel. Fa\u00e7a campanhas estimulando a economia de \u00e1gua por seus clientes e funcion\u00e1rios.<\/p>\n<p style=\"font-weight: 400;\"><strong>4 \u2013 Gerenciamento de res\u00edduos s\u00f3lidos<\/strong><\/p>\n<p style=\"font-weight: 400;\">Analise o m\u00e9todo de fabrica\u00e7\u00e3o de seu produto ou presta\u00e7\u00e3o de servi\u00e7o para encontrar formas de reduzir a gera\u00e7\u00e3o de res\u00edduos, como sobras e aparas. Muitas vezes \u00e9 poss\u00edvel produzir mais, gastando menos mat\u00e9ria-prima e gerando menos res\u00edduo. Os produtos recicl\u00e1veis podem ser encaminhados para cooperativas de catadores, enquanto que o org\u00e2nico, para a compostagem e os perigosos (pilha, baterias, \u00f3leos, pneus), para empresas especializadas. Outros tipos de res\u00edduos podem ser vendidos e gerar renda, como metais e \u00f3leo de cozinha. Al\u00e9m disso, atentar \u00e0s regras da Pol\u00edtica Nacional de Res\u00edduos S\u00f3lidos, lei n\u00ba 12305\/10.<\/p>\n<p style=\"font-weight: 400;\"><strong>\u00a05 \u2013 Uso eficiente de energia<\/strong><\/p>\n<p style=\"font-weight: 400;\">Prefira sempre a ilumina\u00e7\u00e3o natural, por isso abra janelas e deixe a luz do sol entrar. Pinte as paredes com cores claras, pois elas refletem os raios solares e deixam o ambiente mais fresco, gastando menos com ar condicionado. Instale equipamentos que consumam menos energia e use aparelhos el\u00e9tricos de maneira correta como est\u00e1 indicado no manual. Limpe os filtros do ar-condicionado, j\u00e1 que a sujeira impede a livre circula\u00e7\u00e3o do ar e for\u00e7a o aparelho a trabalhar mais. Tenha cuidado com os fios mal emendados, desencapados e mal isolados, pois eles podem causar fuga de energia e originar inc\u00eandios. Troque l\u00e2mpadas comuns por l\u00e2mpadas fluorescentes ou de LED e desligue o computador quando n\u00e3o estiver em uso, evitando as prote\u00e7\u00f5es de tela. Estude a possibilidade de adotar energias alternativas no seu neg\u00f3cio, como solar fotovoltaica ou e\u00f3lica.<\/p>\n","protected":false},"excerpt":{"rendered":"<div class=\"mh-excerpt\"><p>Na Semana Nacional do Meio Ambiente, pesquisa feita pelo Sebrae mostra que as micro e pequenas empresas est\u00e3o engajadas \u00e0 causa.<\/p>\n<\/div>","protected":false},"author":1,"featured_media":23127,"comment_status":"open","ping_status":"closed","sticky":false,"template":"","format":"standard","meta":{"footnotes":""},"categories":[5],"tags":[1651,4866,3274,4865,2031],"class_list":["post-23126","post","type-post","status-publish","format-standard","has-post-thumbnail","hentry","category-brasil","tag-energia","tag-gestao-ambiental","tag-meio-ambiente","tag-planejamento-estrategico","tag-sebrae"],"_links":{"self":[{"href":"https:\/\/folhaderondonianews.com\/news\/wp-json\/wp\/v2\/posts\/23126","targetHints":{"allow":["GET"]}}],"collection":[{"href":"https:\/\/folhaderondonianews.com\/news\/wp-json\/wp\/v2\/posts"}],"about":[{"href":"https:\/\/folhaderondonianews.com\/news\/wp-json\/wp\/v2\/types\/post"}],"author":[{"embeddable":true,"href":"https:\/\/folhaderondonianews.com\/news\/wp-json\/wp\/v2\/users\/1"}],"replies":[{"embeddable":true,"href":"https:\/\/folhaderondonianews.com\/news\/wp-json\/wp\/v2\/comments?post=23126"}],"version-history":[{"count":0,"href":"https:\/\/folhaderondonianews.com\/news\/wp-json\/wp\/v2\/posts\/23126\/revisions"}],"wp:featuredmedia":[{"embeddable":true,"href":"https:\/\/folhaderondonianews.com\/news\/wp-json\/wp\/v2\/media\/23127"}],"wp:attachment":[{"href":"https:\/\/folhaderondonianews.com\/news\/wp-json\/wp\/v2\/media?parent=23126"}],"wp:term":[{"taxonomy":"category","embeddable":true,"href":"https:\/\/folhaderondonianews.com\/news\/wp-json\/wp\/v2\/categories?post=23126"},{"taxonomy":"post_tag","embeddable":true,"href":"https:\/\/folhaderondonianews.com\/news\/wp-json\/wp\/v2\/tags?post=23126"}],"curies":[{"name":"wp","href":"https:\/\/api.w.org\/{rel}","templated":true}]}}