{"id":23586,"date":"2019-07-06T11:06:52","date_gmt":"2019-07-06T15:06:52","guid":{"rendered":"http:\/\/folhaderondonianews.com\/news\/?p=23586"},"modified":"2019-07-06T11:06:52","modified_gmt":"2019-07-06T15:06:52","slug":"capelasso-vai-ganhar-unidade-de-saude","status":"publish","type":"post","link":"https:\/\/folhaderondonianews.com\/news\/2019\/07\/06\/capelasso-vai-ganhar-unidade-de-saude\/","title":{"rendered":"Capelasso vai ganhar Unidade de Sa\u00fade"},"content":{"rendered":"<p>O bairro <strong>Capelasso<\/strong>, que no passado ganhou notoriedade por sediar competi\u00e7\u00f5es esportivas em um campo de futebol amador de Ji-Paran\u00e1, poder\u00e1, muito em breve, receber uma <strong>Unidade B\u00e1sica de Sa\u00fade<\/strong> (<strong>UBS<\/strong>). Pelo menos esse \u00e9 o desejo do vereador <strong>Marcelo Lemos<\/strong> (PSDB), que pediu ao prefeito de Ji-Paran\u00e1, <strong>Marcito Pinto<\/strong> (PDT), que destine os R$ 800 mil da emenda do deputado estadual <strong>Laerte Gomes<\/strong> (PSDB) para a constru\u00e7\u00e3o dessa unidade de sa\u00fade. A justificativa do vereador para a solicita\u00e7\u00e3o que foi apresentada no \u00faltimo dia 2, se deve ao fato de que s\u00e3o pelo menos sete mil pessoas naquela regi\u00e3o que compreendem n\u00e3o s\u00f3 o <strong>Capelasso<\/strong>, que est\u00e1 recebendo um novo loteamento, como as popula\u00e7\u00f5es da linha Universo, linha 94, Parque Brasil, loteamento Rondon e o setor das ch\u00e1caras<\/p>\n","protected":false},"excerpt":{"rendered":"<div class=\"mh-excerpt\"><p>O bairro Capelasso, que no passado ganhou notoriedade por sediar competi\u00e7\u00f5es esportivas em um campo de futebol amador de Ji-Paran\u00e1, poder\u00e1, muito em breve, receber <a class=\"mh-excerpt-more\" href=\"https:\/\/folhaderondonianews.com\/news\/2019\/07\/06\/capelasso-vai-ganhar-unidade-de-saude\/\" title=\"Capelasso vai ganhar Unidade de Sa\u00fade\">[&#8230;]<\/a><\/p>\n<\/div>","protected":false},"author":1,"featured_media":23587,"comment_status":"open","ping_status":"closed","sticky":false,"template":"","format":"standard","meta":{"footnotes":""},"categories":[9],"tags":[4527,954,1860,825,3977],"class_list":["post-23586","post","type-post","status-publish","format-standard","has-post-thumbnail","hentry","category-politica","tag-capelasso","tag-laerte-gomes","tag-marcelo-lemos","tag-marcito-pinto","tag-ubs"],"_links":{"self":[{"href":"https:\/\/folhaderondonianews.com\/news\/wp-json\/wp\/v2\/posts\/23586","targetHints":{"allow":["GET"]}}],"collection":[{"href":"https:\/\/folhaderondonianews.com\/news\/wp-json\/wp\/v2\/posts"}],"about":[{"href":"https:\/\/folhaderondonianews.com\/news\/wp-json\/wp\/v2\/types\/post"}],"author":[{"embeddable":true,"href":"https:\/\/folhaderondonianews.com\/news\/wp-json\/wp\/v2\/users\/1"}],"replies":[{"embeddable":true,"href":"https:\/\/folhaderondonianews.com\/news\/wp-json\/wp\/v2\/comments?post=23586"}],"version-history":[{"count":0,"href":"https:\/\/folhaderondonianews.com\/news\/wp-json\/wp\/v2\/posts\/23586\/revisions"}],"wp:featuredmedia":[{"embeddable":true,"href":"https:\/\/folhaderondonianews.com\/news\/wp-json\/wp\/v2\/media\/23587"}],"wp:attachment":[{"href":"https:\/\/folhaderondonianews.com\/news\/wp-json\/wp\/v2\/media?parent=23586"}],"wp:term":[{"taxonomy":"category","embeddable":true,"href":"https:\/\/folhaderondonianews.com\/news\/wp-json\/wp\/v2\/categories?post=23586"},{"taxonomy":"post_tag","embeddable":true,"href":"https:\/\/folhaderondonianews.com\/news\/wp-json\/wp\/v2\/tags?post=23586"}],"curies":[{"name":"wp","href":"https:\/\/api.w.org\/{rel}","templated":true}]}}