{"id":23657,"date":"2019-07-12T10:10:45","date_gmt":"2019-07-12T14:10:45","guid":{"rendered":"http:\/\/folhaderondonianews.com\/news\/?p=23657"},"modified":"2019-07-12T10:12:50","modified_gmt":"2019-07-12T14:12:50","slug":"lancado-dia-do-anao-e-paulo-guedes-votou-contra-a-reforma-coluna-do-gutierrez","status":"publish","type":"post","link":"https:\/\/folhaderondonianews.com\/news\/2019\/07\/12\/lancado-dia-do-anao-e-paulo-guedes-votou-contra-a-reforma-coluna-do-gutierrez\/","title":{"rendered":"Lan\u00e7ado Dia do An\u00e3o\u00a0e Paulo Guedes votou contra a Reforma &#8211; coluna do Gutierrez"},"content":{"rendered":"<p><strong>Guedes vota contra reforma.<\/strong><\/p>\n<p>O deputado Paulo Guedes do PT &#8211; MG. votou contra reforma da Previd\u00eancia. Alias, ele est\u00e1 louco para votar na reforma da Presid\u00eancia. hehehe<\/p>\n<p>&nbsp;<\/p>\n<p><b><span data-contrast=\"none\">Cheiroso<\/span><\/b><span data-ccp-props=\"{&quot;201341983&quot;:0,&quot;335559739&quot;:160,&quot;335559740&quot;:259}\">\u00a0<\/span><\/p>\n<p>Vereador do Rio vira alvo de piadas porque n\u00e3o toma banho. Apelido do nobre colega &#8211;\u00a0 toalha seca.<\/p>\n<p>&nbsp;<\/p>\n<p><strong>Dia do An\u00e3o\u00a0<\/strong><br \/>\nO deputado do Cear\u00e1 M\u00e1rcio Martins (PROS) apresentou projeto de Lei para criar o Dia do An\u00e3o.<br \/>\nAh, N\u00e3o!!!!<br \/>\nAh, sim!!!<br \/>\nSegundo o cabra-da-peste legislador, o Dia do An\u00e3o seria para combater o preconceito \u00e0 pessoa com nanismo.<br \/>\n<img decoding=\"async\" class=\"alignnone size-full wp-image-23658 lazyload\" data-src=\"https:\/\/folhaderondonianews.com\/news\/wp-content\/uploads\/2019\/07\/dia-do-anao.jpg\" alt=\"\" width=\"642\" height=\"360\" data-srcset=\"https:\/\/folhaderondonianews.com\/news\/wp-content\/uploads\/2019\/07\/dia-do-anao.jpg 642w, https:\/\/folhaderondonianews.com\/news\/wp-content\/uploads\/2019\/07\/dia-do-anao-300x168.jpg 300w\" data-sizes=\"(max-width: 642px) 100vw, 642px\" src=\"data:image\/svg+xml;base64,PHN2ZyB3aWR0aD0iMSIgaGVpZ2h0PSIxIiB4bWxucz0iaHR0cDovL3d3dy53My5vcmcvMjAwMC9zdmciPjwvc3ZnPg==\" style=\"--smush-placeholder-width: 642px; --smush-placeholder-aspect-ratio: 642\/360;\" \/><\/p>\n<p>&nbsp;<\/p>\n<p><strong>A pergunta que n\u00e3o quer calar:<\/strong><br \/>\nEu vou ganhar menos ou trabalhar mais?<br \/>\n&#8211; Os dois! E se continuar com pergunta besta n\u00e3o vai mais aposentar!!&#x1f61c;&#x1f61c;<\/p>\n<p>&nbsp;<\/p>\n<p><strong>Da s\u00e9rie fale com seu deputado:<\/strong><br \/>\n&#8216;Coron\u00e9&#8217; Cris\u00f3stomo, pergunta a\u00ed pro Guedes se d\u00e1 para aposentar por tempo de desempregado? &#x1f923;&#x1f923;&#x1f923;<\/p>\n<p><strong>Faz de contas<\/strong><\/p>\n<p>Se h\u00e1 uma disputa no Brasil atual \u00e9 entre o devido processo legal e o vale tudo. O artigo oitavo do c\u00f3digo de \u00e9tica da Magistratura tornou-se algo figurativo. N\u00e3o estou falando sobre o Lula, Lula preso ou Lula morto, mas, sobre os caminhos que a magistratura pode levar o Estado de Direito.<\/p>\n<p><img decoding=\"async\" class=\"alignnone size-full wp-image-23662 lazyload\" data-src=\"https:\/\/folhaderondonianews.com\/news\/wp-content\/uploads\/2019\/07\/aposentadoria-do-alem2.jpg\" alt=\"\" width=\"518\" height=\"612\" data-srcset=\"https:\/\/folhaderondonianews.com\/news\/wp-content\/uploads\/2019\/07\/aposentadoria-do-alem2.jpg 518w, https:\/\/folhaderondonianews.com\/news\/wp-content\/uploads\/2019\/07\/aposentadoria-do-alem2-254x300.jpg 254w\" data-sizes=\"(max-width: 518px) 100vw, 518px\" src=\"data:image\/svg+xml;base64,PHN2ZyB3aWR0aD0iMSIgaGVpZ2h0PSIxIiB4bWxucz0iaHR0cDovL3d3dy53My5vcmcvMjAwMC9zdmciPjwvc3ZnPg==\" style=\"--smush-placeholder-width: 518px; --smush-placeholder-aspect-ratio: 518\/612;\" \/><\/p>\n<p><strong>Dudu quer ser embaixador\u00a0<\/strong><\/p>\n<p>Sabe ingl\u00eas, espanhol e \u00e9 amiguinho do filho do Trump. Pelo curr\u00edculo e as habilidades dele, Eduardo Bolsonaro teria condi\u00e7\u00f5es de fazer interc\u00e2mbio nos Estados Unidos e n\u00e3o ser embaixador. Dudu \u00e9 uma afronta a carreira diplom\u00e1tica.<\/p>\n<p>&nbsp;<\/p>\n<p>&nbsp;<\/p>\n<p><img decoding=\"async\" class=\"alignnone size-full wp-image-23659 lazyload\" data-src=\"https:\/\/folhaderondonianews.com\/news\/wp-content\/uploads\/2019\/07\/Coluna-do-Gutierrez.jpg\" alt=\"\" width=\"674\" height=\"766\" data-srcset=\"https:\/\/folhaderondonianews.com\/news\/wp-content\/uploads\/2019\/07\/Coluna-do-Gutierrez.jpg 674w, https:\/\/folhaderondonianews.com\/news\/wp-content\/uploads\/2019\/07\/Coluna-do-Gutierrez-264x300.jpg 264w\" data-sizes=\"(max-width: 674px) 100vw, 674px\" src=\"data:image\/svg+xml;base64,PHN2ZyB3aWR0aD0iMSIgaGVpZ2h0PSIxIiB4bWxucz0iaHR0cDovL3d3dy53My5vcmcvMjAwMC9zdmciPjwvc3ZnPg==\" style=\"--smush-placeholder-width: 674px; --smush-placeholder-aspect-ratio: 674\/766;\" \/><\/p>\n<p>&nbsp;<\/p>\n<p><strong>Emprego certo<\/strong><\/p>\n<p>O diretor-presidente da Bombril se chama Wagner Brilhante. Deve ter mil e uma utilidades.<\/p>\n<p>&nbsp;<\/p>\n<p><img decoding=\"async\" class=\"alignnone size-full wp-image-23660 lazyload\" data-src=\"https:\/\/folhaderondonianews.com\/news\/wp-content\/uploads\/2019\/07\/Coluna-do-Gutierrez2.jpg\" alt=\"\" width=\"647\" height=\"625\" data-srcset=\"https:\/\/folhaderondonianews.com\/news\/wp-content\/uploads\/2019\/07\/Coluna-do-Gutierrez2.jpg 647w, https:\/\/folhaderondonianews.com\/news\/wp-content\/uploads\/2019\/07\/Coluna-do-Gutierrez2-300x290.jpg 300w\" data-sizes=\"(max-width: 647px) 100vw, 647px\" src=\"data:image\/svg+xml;base64,PHN2ZyB3aWR0aD0iMSIgaGVpZ2h0PSIxIiB4bWxucz0iaHR0cDovL3d3dy53My5vcmcvMjAwMC9zdmciPjwvc3ZnPg==\" style=\"--smush-placeholder-width: 647px; --smush-placeholder-aspect-ratio: 647\/625;\" \/><\/p>\n","protected":false},"excerpt":{"rendered":"<div class=\"mh-excerpt\"><p>Paulo Guedes votou contra a Reforma. O diretor-presidente da Bombril se chama Wagner Brilhante.<\/p>\n<\/div>","protected":false},"author":1,"featured_media":23658,"comment_status":"open","ping_status":"closed","sticky":false,"template":"","format":"standard","meta":{"footnotes":""},"categories":[8],"tags":[1280,5036],"class_list":["post-23657","post","type-post","status-publish","format-standard","has-post-thumbnail","hentry","category-coluna-do-gutierrez","tag-coluna-do-gutierrez","tag-dia-do-anao"],"_links":{"self":[{"href":"https:\/\/folhaderondonianews.com\/news\/wp-json\/wp\/v2\/posts\/23657","targetHints":{"allow":["GET"]}}],"collection":[{"href":"https:\/\/folhaderondonianews.com\/news\/wp-json\/wp\/v2\/posts"}],"about":[{"href":"https:\/\/folhaderondonianews.com\/news\/wp-json\/wp\/v2\/types\/post"}],"author":[{"embeddable":true,"href":"https:\/\/folhaderondonianews.com\/news\/wp-json\/wp\/v2\/users\/1"}],"replies":[{"embeddable":true,"href":"https:\/\/folhaderondonianews.com\/news\/wp-json\/wp\/v2\/comments?post=23657"}],"version-history":[{"count":0,"href":"https:\/\/folhaderondonianews.com\/news\/wp-json\/wp\/v2\/posts\/23657\/revisions"}],"wp:featuredmedia":[{"embeddable":true,"href":"https:\/\/folhaderondonianews.com\/news\/wp-json\/wp\/v2\/media\/23658"}],"wp:attachment":[{"href":"https:\/\/folhaderondonianews.com\/news\/wp-json\/wp\/v2\/media?parent=23657"}],"wp:term":[{"taxonomy":"category","embeddable":true,"href":"https:\/\/folhaderondonianews.com\/news\/wp-json\/wp\/v2\/categories?post=23657"},{"taxonomy":"post_tag","embeddable":true,"href":"https:\/\/folhaderondonianews.com\/news\/wp-json\/wp\/v2\/tags?post=23657"}],"curies":[{"name":"wp","href":"https:\/\/api.w.org\/{rel}","templated":true}]}}