{"id":23778,"date":"2019-07-22T08:44:44","date_gmt":"2019-07-22T12:44:44","guid":{"rendered":"http:\/\/folhaderondonianews.com\/news\/?p=23778"},"modified":"2019-07-22T08:51:17","modified_gmt":"2019-07-22T12:51:17","slug":"garoto-de-5-anos-afirma-lembrar-que-morreu-num-incendio-na-vida-passada","status":"publish","type":"post","link":"https:\/\/folhaderondonianews.com\/news\/2019\/07\/22\/garoto-de-5-anos-afirma-lembrar-que-morreu-num-incendio-na-vida-passada\/","title":{"rendered":"Garoto de 5 anos afirma lembrar que morreu num inc\u00eandio na vida passada"},"content":{"rendered":"<p>Crian\u00e7as pequenas sempre est\u00e3o dizendo coisas engra\u00e7adinhas o tempo todo, mas a m\u00e3e de <strong>Luke Ruehlman<\/strong> levou um susto daqueles ao ouvir o filho dizer, categoricamente, que lembrava ter sido uma mulher que morreu em um inc\u00eandio na vida passada.<\/p>\n<p>Luke, de apenas 5 anos, mora em <strong>Cincinnati,<\/strong> nos Estados Unidos, e garante que j\u00e1 veio \u00e0 Terra como uma mulher negra de 30 anos, chamada Pam, e de ter falecido em 1993 ao saltar de um pr\u00e9dio em chamas. Ele afirmou ter reencarnado e, acredite, se lembra de ser acordado pelos novos pais com o nome de garoto.<\/p>\n<div id=\"pub-in-text-1\" class=\"dfp publicidade outstream clearfix advertising--loaded\" data-extra-advertising-format=\"in-text\" data-extra-advertising-index=\"1\" data-google-query-id=\"CNaIvrrFyOMCFQl8wQod1QoBwg\">\n<div id=\"google_ads_iframe_\/85042905\/info.web.extra\/noticia\/bizarro\/materia_11__container__\"><iframe id=\"google_ads_iframe_\/85042905\/info.web.extra\/noticia\/bizarro\/materia_11\" title=\"3rd party ad content\" name=\"google_ads_iframe_\/85042905\/info.web.extra\/noticia\/bizarro\/materia_11\" width=\"2\" height=\"2\" frameborder=\"0\" marginwidth=\"0\" marginheight=\"0\" scrolling=\"no\" data-google-container-id=\"6\" data-load-complete=\"true\" data-mce-fragment=\"1\"><\/iframe><\/div>\n<\/div>\n<p>Segundo a m\u00e3e, Erika, o menino comentava detalhes de sua suposta vida anterior.<\/p>\n<p>\u2014 Ele costumava dizer: &#8220;Quando eu era uma menina, tinha cabelos pretos. Eu costumava usar brincos assim quando era menina&#8221; \u2014 disse Erika ao programa de TV Fox8.<\/p>\n<p>E o menino foi al\u00e9m. Quando confrontado sobre quem era a tal Pam, o menino garantiu que era ele pr\u00f3prio, e ainda se recorda como foi o processo de reencarna\u00e7\u00e3o quando teria sido \u201cempurrado de volta para \u00e0 terra como um rec\u00e9m-nascido\u201d.<\/p>\n<p>\u2014 Eu era Pam, mas morri. Fui para o c\u00e9u, vi Deus e ele me empurrou de volta para baixo. Quando acordei eu era um beb\u00ea e voc\u00ea me chamava de Luke \u2014 disse o garoto \u00e0 m\u00e3e.<\/p>\n<p>Intrigada com a revela\u00e7\u00e3o, Erika foi pesquisar. Para sua surpresa, ela encontrou uma not\u00edcia sobre a morte de Pamela Robinson, em um hotel no ano de 1993.<\/p>\n<p>Al\u00e9m disso, uma investiga\u00e7\u00e3o feita por um programa de TV relacionado a atividades paranormais deixou a hist\u00f3ria de Luke ainda mais assombrosa. No programa, a crian\u00e7a teria conseguido identificar a foto de Pam entre uma s\u00e9rie de outras imagens de mulheres negras de 30 anos.<\/p>\n","protected":false},"excerpt":{"rendered":"<div class=\"mh-excerpt\"><p>Luke, de apenas 5 anos, mora em Cincinnati, nos Estados Unidos, e garante que j\u00e1 veio \u00e0 Terra como uma mulher negra de 30 anos, chamada Pam, e de ter falecido em 1993 ao saltar de um pr\u00e9dio em chamas.<\/p>\n<\/div>","protected":false},"author":1,"featured_media":23779,"comment_status":"open","ping_status":"closed","sticky":false,"template":"","format":"standard","meta":{"footnotes":""},"categories":[5],"tags":[5066,5067,5068],"class_list":["post-23778","post","type-post","status-publish","format-standard","has-post-thumbnail","hentry","category-brasil","tag-cincinnati","tag-luke-ruehlman","tag-reencarnacao"],"_links":{"self":[{"href":"https:\/\/folhaderondonianews.com\/news\/wp-json\/wp\/v2\/posts\/23778","targetHints":{"allow":["GET"]}}],"collection":[{"href":"https:\/\/folhaderondonianews.com\/news\/wp-json\/wp\/v2\/posts"}],"about":[{"href":"https:\/\/folhaderondonianews.com\/news\/wp-json\/wp\/v2\/types\/post"}],"author":[{"embeddable":true,"href":"https:\/\/folhaderondonianews.com\/news\/wp-json\/wp\/v2\/users\/1"}],"replies":[{"embeddable":true,"href":"https:\/\/folhaderondonianews.com\/news\/wp-json\/wp\/v2\/comments?post=23778"}],"version-history":[{"count":0,"href":"https:\/\/folhaderondonianews.com\/news\/wp-json\/wp\/v2\/posts\/23778\/revisions"}],"wp:featuredmedia":[{"embeddable":true,"href":"https:\/\/folhaderondonianews.com\/news\/wp-json\/wp\/v2\/media\/23779"}],"wp:attachment":[{"href":"https:\/\/folhaderondonianews.com\/news\/wp-json\/wp\/v2\/media?parent=23778"}],"wp:term":[{"taxonomy":"category","embeddable":true,"href":"https:\/\/folhaderondonianews.com\/news\/wp-json\/wp\/v2\/categories?post=23778"},{"taxonomy":"post_tag","embeddable":true,"href":"https:\/\/folhaderondonianews.com\/news\/wp-json\/wp\/v2\/tags?post=23778"}],"curies":[{"name":"wp","href":"https:\/\/api.w.org\/{rel}","templated":true}]}}