{"id":2389,"date":"2014-03-18T19:39:15","date_gmt":"2014-03-18T23:39:15","guid":{"rendered":"http:\/\/folhaderondonianews.com\/news\/?p=2389"},"modified":"2014-03-18T19:39:15","modified_gmt":"2014-03-18T23:39:15","slug":"confucio-decide-sobre-candidatura-semana-que-vem","status":"publish","type":"post","link":"https:\/\/folhaderondonianews.com\/news\/2014\/03\/18\/confucio-decide-sobre-candidatura-semana-que-vem\/","title":{"rendered":"Conf\u00facio decide sobre candidatura semana que vem"},"content":{"rendered":"<p style=\"text-align: center;\"><strong>Conf\u00facio garante a Testoni que vai antecipar decida se ser\u00e1 ou n\u00e3o candidato a governador para a pr\u00f3xima semana.<\/strong><\/p>\n<p>&nbsp;<\/p>\n<p><strong>Conforme narrou ao rep\u00f3rter Edmilson<\/strong> Rodrigues, por telefone, ap\u00f3s reuni\u00e3o a portas fechadas com o governador Conf\u00facio Moura (PMDB) o prefeito licenciado Alex Testoni (PSD), de Ouro Preto do Oeste, esclareceu os motivos que o levaram a deixar o governo municipal no dia 12 de mar\u00e7o.<\/p>\n<p><strong>Desincompatibiliza\u00e7\u00e3o<\/strong><\/p>\n<p>Alex anunciou esta tarde (18\/03) que, no encontro hoje pala manh\u00e3, falou da sua inten\u00e7\u00e3o de se candidatar a governador, e solicitou ao carro-chefe do Estado que ele se manifeste a respeito de sua pr\u00e9-candidatura a reelei\u00e7\u00e3o no prazo h\u00e1bil de desincompatibiliza\u00e7\u00e3o.<\/p>\n<p>\u201cO governador fez um compromisso comigo que at\u00e9 a semana que vem ele vai dar a sua posi\u00e7\u00e3o em uma coletiva com a imprensa, e dizer se \u00e9 ou n\u00e3o candidato\u201d, revelou Testoni, o conte\u00fado da conversa.<\/p>\n<p><strong>Semana que vem<\/strong><\/p>\n<p>Ainda, segundo narrou a Edmilson Rodrigues, Alex disse que o governador Conf\u00facio garantiu que vai antecipar o tempo que tem e anunciar a decis\u00e3o publicamente: \u201ceu conversei com todos que eu n\u00e3o saio candidato a deputado estadual, a federal, a senador ou a vice-governador. Falei com o governador que se ele n\u00e3o for sair eu tenho de saber at\u00e9 semana que vem\u201d.<\/p>\n<p>Prosseguindo, Alex disse: \u201cn\u00e3o vai ser em junho, ele prometeu pra mim que at\u00e9 a semana que vem toma a decis\u00e3o, e em cima da decis\u00e3o dele eu me manifesto. A conversa verdadeira \u00e9 essa. O resto \u00e9 fofoca\u201d.<\/p>\n<p>O prefeito de Ouro Preto do Oeste licenciou-se do cargo pelo prazo de at\u00e9 180 dias, causando v\u00e1rias especula\u00e7\u00f5es, e questionamentos de seus seguidores pol\u00edticos.<\/p>\n<p><strong>Estrat\u00e9gia<\/strong><\/p>\n<p>As reuni\u00f5es tidas hoje com Conf\u00facio, e no \u00faltimo domingo com o deputado Federal Moreira Mendes, presidente do PSD estadual e Expedito J\u00fanior, dirigente e pr\u00e9-candidato a governador do PSDB, respondem muitas d\u00favidas.<\/p>\n<p>\u201cEssa \u00e9 a ess\u00eancia do meu pedido de licen\u00e7a provis\u00f3ria, \u00e9 a ess\u00eancia da minha vinda para Porto Velho. At\u00e9 o dia cinco de abril eu tenho prazo, as conversa\u00e7\u00f5es est\u00e3o boas e pedi que o governador antecipasse em tr\u00eas meses a sua decis\u00e3o\u201d, admitiu Testoni a sua disposi\u00e7\u00e3o em disputar o governo de Rond\u00f4nia.<\/p>\n<p><strong>Candidato sem Conf\u00facio<\/strong><\/p>\n<p>Alex Testoni garante que s\u00f3 volta atr\u00e1s em sua inten\u00e7\u00e3o, caso a resposta de Conf\u00facio seja positiva: \u201cSe ele for candidato n\u00e3o tem como. Eu n\u00e3o quero perder a credibilidade pol\u00edtica. Em 2012 eu disse que em troca de benef\u00edcios para nossa cidade eu apoiaria a reelei\u00e7\u00e3o dele\u201d, se posiciona.<\/p>\n<p>O prefeito licenciado seguira agora para Santa Catarina, a neg\u00f3cios, e na semana que vem retorna ao Estado. Enquanto isso estar\u00e1 mantendo contatos pol\u00edticos com lideran\u00e7as que mant\u00eam conversa\u00e7\u00f5es. (fonte: Edmilson Rodrigues\u00a0http:\/\/correiocentral.com.br\/noticias-det.php?cod=3798 .<\/p>\n","protected":false},"excerpt":{"rendered":"<div class=\"mh-excerpt\"><p>Conf\u00facio garante a Testoni que vai antecipar decida se ser\u00e1 ou n\u00e3o candidato a governador para a pr\u00f3xima semana. &nbsp; Conforme narrou ao rep\u00f3rter Edmilson <a class=\"mh-excerpt-more\" href=\"https:\/\/folhaderondonianews.com\/news\/2014\/03\/18\/confucio-decide-sobre-candidatura-semana-que-vem\/\" title=\"Conf\u00facio decide sobre candidatura semana que vem\">[&#8230;]<\/a><\/p>\n<\/div>","protected":false},"author":1,"featured_media":0,"comment_status":"open","ping_status":"closed","sticky":false,"template":"","format":"standard","meta":{"footnotes":""},"categories":[8],"tags":[],"class_list":["post-2389","post","type-post","status-publish","format-standard","hentry","category-coluna-do-gutierrez"],"_links":{"self":[{"href":"https:\/\/folhaderondonianews.com\/news\/wp-json\/wp\/v2\/posts\/2389","targetHints":{"allow":["GET"]}}],"collection":[{"href":"https:\/\/folhaderondonianews.com\/news\/wp-json\/wp\/v2\/posts"}],"about":[{"href":"https:\/\/folhaderondonianews.com\/news\/wp-json\/wp\/v2\/types\/post"}],"author":[{"embeddable":true,"href":"https:\/\/folhaderondonianews.com\/news\/wp-json\/wp\/v2\/users\/1"}],"replies":[{"embeddable":true,"href":"https:\/\/folhaderondonianews.com\/news\/wp-json\/wp\/v2\/comments?post=2389"}],"version-history":[{"count":0,"href":"https:\/\/folhaderondonianews.com\/news\/wp-json\/wp\/v2\/posts\/2389\/revisions"}],"wp:attachment":[{"href":"https:\/\/folhaderondonianews.com\/news\/wp-json\/wp\/v2\/media?parent=2389"}],"wp:term":[{"taxonomy":"category","embeddable":true,"href":"https:\/\/folhaderondonianews.com\/news\/wp-json\/wp\/v2\/categories?post=2389"},{"taxonomy":"post_tag","embeddable":true,"href":"https:\/\/folhaderondonianews.com\/news\/wp-json\/wp\/v2\/tags?post=2389"}],"curies":[{"name":"wp","href":"https:\/\/api.w.org\/{rel}","templated":true}]}}