{"id":24268,"date":"2019-08-23T08:24:35","date_gmt":"2019-08-23T12:24:35","guid":{"rendered":"http:\/\/folhaderondonianews.com\/news\/?p=24268"},"modified":"2019-08-23T08:24:35","modified_gmt":"2019-08-23T12:24:35","slug":"ministerio-do-meio-ambiente-autoriza-contratacao-de-mais-brigadas-de-incendio","status":"publish","type":"post","link":"https:\/\/folhaderondonianews.com\/news\/2019\/08\/23\/ministerio-do-meio-ambiente-autoriza-contratacao-de-mais-brigadas-de-incendio\/","title":{"rendered":"Minist\u00e9rio do Meio Ambiente autoriza contrata\u00e7\u00e3o de mais brigadas de inc\u00eandio"},"content":{"rendered":"<p>O presidente interino do\u00a0 Instituto Brasileiro do Meio Ambiente e dos Recursos Naturais Renov\u00e1veis (<strong>Ibama<\/strong>) autorizou a contrata\u00e7\u00e3o por tempo indeterminado de mais de 35 brigadas de combate a inc\u00eandio florestal para atender os estados do <strong>Acre, Amap\u00e1, Amazonas, Bahia, Cear\u00e1, Distrito Federal, Goi\u00e1s, Maranh\u00e3o, Mato Grosso, Mato Grosso do Sul, Minas Gerais, Par\u00e1, Pernambuco, Piau\u00ed, Rio de Janeiro, Rond\u00f4nia, Roraima e Tocantins<\/strong>.<\/p>\n<p>A autoriza\u00e7\u00e3o foi publicada no Di\u00e1rio Oficial da Uni\u00e3o desta sexta-feira (23) e abrange atua\u00e7\u00e3o em mais de cinquenta munic\u00edpios. A determina\u00e7\u00e3o leva em considera\u00e7\u00e3o a sele\u00e7\u00e3o de \u00e1reas cr\u00edticas feita pelo Centro Nacional de Preven\u00e7\u00e3o e Combate aos Inc\u00eandios Florestais (Prevfogo). A redu\u00e7\u00e3o de recursos e interrup\u00e7\u00e3o de atua\u00e7\u00e3o preventiva do Prevfogo tem sido criticada desde que o problema das queimadas ganhou repercuss\u00e3o nacional e internacional.<\/p>\n<p>\u201cDe fato, a partir de agosto come\u00e7a a estiagem amaz\u00f4nica, mas tamb\u00e9m \u00e9 verdade que os governos sempre preparam para esse per\u00edodo, tiveram pol\u00edticas para se defender, o que se fez atual governo e o atual ministro [do Meio Ambiente], no m\u00eas de maio, cortou 50% dos recursos do Prevfogo, que \u00e9 um dos programas de preven\u00e7\u00e3o \u00e0s queimadas, principalmente na <strong>Amaz\u00f4nia<\/strong> neste per\u00edodo, foi um corte de R$ 5,4 bilh\u00f5es\u201d, afirmou o senador Randolfe Rodrigues (Rede-AP), nesta quinta-feira (22), ao anunciar o\u00a0<strong>pedido de impeachment<\/strong>\u00a0contra Ricardo Salles, ministro do Meio Ambiente.\u00a0 O ministro nega o corte de or\u00e7amento.<\/p>\n<p>Pela portaria publicada nesta sexta, as brigadas ter\u00e3o formatos diferentes, mas as menores ir\u00e3o contar com um chefe e dez brigadistas e a maiores com 36 profissionais de combate \u00e0 inc\u00eandios florestais.<\/p>\n<p>Dados do Programa de Queimadas do Instituto Nacional de Pesquisas Espaciais (Inpe) mostram que houve um aumento de 83% no n\u00famero de inc\u00eandios florestais no Brasil entre 1\u00ba de janeiro e 19 de agosto de 2019 e o mesmo per\u00edodo do ano passado, que saltou de 39.759 para 72.843 queimadas no pa\u00eds.<\/p>\n<p><strong>Queimadas e desmatamento<\/strong><\/p>\n<p>Nota t\u00e9cnica emitida pelo Instituto de Pesquisa Ambiental da Amaz\u00f4nia (IPAM), na \u00faltima ter\u00e7a-feira, descarta as secas como elemento principal das queimadas que atingem a regi\u00e3o amaz\u00f4nica.<\/p>\n<p>\u201cA Amaz\u00f4nia est\u00e1 queimando mais em 2019, e o per\u00edodo seco, por si s\u00f3, n\u00e3o explica este aumento. O n\u00famero de focos de inc\u00eandios, para maioria dos estados da regi\u00e3o, j\u00e1 \u00e9 o maior dos \u00faltimos quatro anos. \u00c9 um \u00edndice impressionante, pois a estiagem deste ano est\u00e1 mais branda do que aquelas observadas nos anos anteriores\u201d, menciona o documento.<\/p>\n<p>Para an\u00e1lise, os pesquisadores consideram\u00a0 os focos de inc\u00eandio, n\u00famero consecutivo de dias sem chuva; e desmatamento no ano de 2019.<\/p>\n<p>\u201cOs dez munic\u00edpios amaz\u00f4nicos que mais registraram focos de inc\u00eandios foram tamb\u00e9m os que tiveram maiores taxas de desmatamento. Este munic\u00edpios s\u00e3o respons\u00e1veis por 37% dos focos de calor em 2019 e por 43% do desmatamento registrado at\u00e9 o m\u00eas de julho . Esta concentra\u00e7\u00e3o de inc\u00eandios florestais em \u00e1reas rec\u00e9m-desmatadas e com estiagem branda representa um forte indicativo do car\u00e1ter intencional do inc\u00eandios: limpeza de \u00e1reas rec\u00e9m-desmatadas\u201d, completa a nota t\u00e9cnica.<\/p>\n<p>Da reda\u00e7\u00e3o<\/p>\n","protected":false},"excerpt":{"rendered":"<div class=\"mh-excerpt\"><p>O presidente interino do\u00a0 Instituto Brasileiro do Meio Ambiente e dos Recursos Naturais Renov\u00e1veis (Ibama) autorizou a contrata\u00e7\u00e3o por tempo indeterminado de mais de 35 <a class=\"mh-excerpt-more\" href=\"https:\/\/folhaderondonianews.com\/news\/2019\/08\/23\/ministerio-do-meio-ambiente-autoriza-contratacao-de-mais-brigadas-de-incendio\/\" title=\"Minist\u00e9rio do Meio Ambiente autoriza contrata\u00e7\u00e3o de mais brigadas de inc\u00eandio\">[&#8230;]<\/a><\/p>\n<\/div>","protected":false},"author":1,"featured_media":24269,"comment_status":"open","ping_status":"closed","sticky":false,"template":"","format":"standard","meta":{"footnotes":""},"categories":[5],"tags":[1071,4699,1482,3679,4997,5272,5273,2829,1934,833,996,1993,2743,2819,669,237,2497,1218,1491,42,366,1933],"class_list":["post-24268","post","type-post","status-publish","format-standard","has-post-thumbnail","hentry","category-brasil","tag-acre","tag-amapa","tag-amazonas","tag-amazonia","tag-bahia","tag-ceara","tag-desmatamento","tag-distrito-federal","tag-goias","tag-ibama","tag-maranhao","tag-mato-grosso","tag-mato-grosso-do-sul","tag-minas-gerais","tag-para","tag-pernambuco","tag-piaui","tag-queimadas","tag-rio-de-janeiro","tag-rondonia","tag-roraima","tag-tocantins"],"_links":{"self":[{"href":"https:\/\/folhaderondonianews.com\/news\/wp-json\/wp\/v2\/posts\/24268","targetHints":{"allow":["GET"]}}],"collection":[{"href":"https:\/\/folhaderondonianews.com\/news\/wp-json\/wp\/v2\/posts"}],"about":[{"href":"https:\/\/folhaderondonianews.com\/news\/wp-json\/wp\/v2\/types\/post"}],"author":[{"embeddable":true,"href":"https:\/\/folhaderondonianews.com\/news\/wp-json\/wp\/v2\/users\/1"}],"replies":[{"embeddable":true,"href":"https:\/\/folhaderondonianews.com\/news\/wp-json\/wp\/v2\/comments?post=24268"}],"version-history":[{"count":0,"href":"https:\/\/folhaderondonianews.com\/news\/wp-json\/wp\/v2\/posts\/24268\/revisions"}],"wp:featuredmedia":[{"embeddable":true,"href":"https:\/\/folhaderondonianews.com\/news\/wp-json\/wp\/v2\/media\/24269"}],"wp:attachment":[{"href":"https:\/\/folhaderondonianews.com\/news\/wp-json\/wp\/v2\/media?parent=24268"}],"wp:term":[{"taxonomy":"category","embeddable":true,"href":"https:\/\/folhaderondonianews.com\/news\/wp-json\/wp\/v2\/categories?post=24268"},{"taxonomy":"post_tag","embeddable":true,"href":"https:\/\/folhaderondonianews.com\/news\/wp-json\/wp\/v2\/tags?post=24268"}],"curies":[{"name":"wp","href":"https:\/\/api.w.org\/{rel}","templated":true}]}}