{"id":24271,"date":"2019-08-23T08:29:44","date_gmt":"2019-08-23T12:29:44","guid":{"rendered":"http:\/\/folhaderondonianews.com\/news\/?p=24271"},"modified":"2019-08-23T08:29:44","modified_gmt":"2019-08-23T12:29:44","slug":"governo-estuda-enviar-exercito-para-combater-queimadas-na-amazonia","status":"publish","type":"post","link":"https:\/\/folhaderondonianews.com\/news\/2019\/08\/23\/governo-estuda-enviar-exercito-para-combater-queimadas-na-amazonia\/","title":{"rendered":"Governo estuda enviar Ex\u00e9rcito para combater queimadas na Amaz\u00f4nia"},"content":{"rendered":"<p>O presidente <strong>Jair Bolsonaro<\/strong> disse hoje (23) que estuda enviar o Ex\u00e9rcito para combater as queimadas na Amaz\u00f4nia por meio de uma opera\u00e7\u00e3o de Garantia da Lei e da Ordem (GLO). Segundo ele, a decis\u00e3o ser\u00e1 tomada ainda nesta manh\u00e3. \u201c\u00c9 uma tend\u00eancia [determinar uma GLO]. A tend\u00eancia \u00e9 essa, a gente fecha agora de manh\u00e3\u201d, disse, ao deixar o Pal\u00e1cio da Alvorada.<\/p>\n<p>De acordo com Bolsonaro, ontem (23) houve uma reuni\u00e3o para tratar do assunto. \u201cO que tiver ao nosso alcance n\u00f3s faremos. O problema \u00e9 recurso\u201d, ressaltou.<\/p>\n<p>Em despacho publicado ontem em edi\u00e7\u00e3o extra do<strong>\u00a0<em>Di\u00e1rio Oficial da Uni\u00e3o<\/em>, o<\/strong> presidente determina que todos os minist\u00e9rios, de acordo com suas compet\u00eancias, adotem \u201cmedidas necess\u00e1rias ao levantamento e combate a focos de inc\u00eandio na regi\u00e3o da Amaz\u00f4nia Legal para a preserva\u00e7\u00e3o e a defesa da <strong>Floresta Amaz\u00f4nica,<\/strong> patrim\u00f4nio nacional\u201d.<\/p>\n<p>Realizadas exclusivamente por ordem expressa da Presid\u00eancia da Rep\u00fablica, as miss\u00f5es de GLO ocorrem nos casos em que h\u00e1 o esgotamento das for\u00e7as tradicionais de seguran\u00e7a p\u00fablica. Nessas a\u00e7\u00f5es, as For\u00e7as Armadas agem por tempo limitado, com o objetivo de preservar a ordem p\u00fablica, a integridade da popula\u00e7\u00e3o e garantir o funcionamento regular das institui\u00e7\u00f5es.<\/p>\n","protected":false},"excerpt":{"rendered":"<div class=\"mh-excerpt\"><p>O presidente Jair Bolsonaro disse hoje (23) que estuda enviar o Ex\u00e9rcito para combater as queimadas na Amaz\u00f4nia por meio de uma opera\u00e7\u00e3o de Garantia <a class=\"mh-excerpt-more\" href=\"https:\/\/folhaderondonianews.com\/news\/2019\/08\/23\/governo-estuda-enviar-exercito-para-combater-queimadas-na-amazonia\/\" title=\"Governo estuda enviar Ex\u00e9rcito para combater queimadas na Amaz\u00f4nia\">[&#8230;]<\/a><\/p>\n<\/div>","protected":false},"author":1,"featured_media":24272,"comment_status":"open","ping_status":"closed","sticky":false,"template":"","format":"standard","meta":{"footnotes":""},"categories":[5],"tags":[5274,1823],"class_list":["post-24271","post","type-post","status-publish","format-standard","has-post-thumbnail","hentry","category-brasil","tag-floresta-amazonica","tag-jair-bolsonaro"],"_links":{"self":[{"href":"https:\/\/folhaderondonianews.com\/news\/wp-json\/wp\/v2\/posts\/24271","targetHints":{"allow":["GET"]}}],"collection":[{"href":"https:\/\/folhaderondonianews.com\/news\/wp-json\/wp\/v2\/posts"}],"about":[{"href":"https:\/\/folhaderondonianews.com\/news\/wp-json\/wp\/v2\/types\/post"}],"author":[{"embeddable":true,"href":"https:\/\/folhaderondonianews.com\/news\/wp-json\/wp\/v2\/users\/1"}],"replies":[{"embeddable":true,"href":"https:\/\/folhaderondonianews.com\/news\/wp-json\/wp\/v2\/comments?post=24271"}],"version-history":[{"count":0,"href":"https:\/\/folhaderondonianews.com\/news\/wp-json\/wp\/v2\/posts\/24271\/revisions"}],"wp:featuredmedia":[{"embeddable":true,"href":"https:\/\/folhaderondonianews.com\/news\/wp-json\/wp\/v2\/media\/24272"}],"wp:attachment":[{"href":"https:\/\/folhaderondonianews.com\/news\/wp-json\/wp\/v2\/media?parent=24271"}],"wp:term":[{"taxonomy":"category","embeddable":true,"href":"https:\/\/folhaderondonianews.com\/news\/wp-json\/wp\/v2\/categories?post=24271"},{"taxonomy":"post_tag","embeddable":true,"href":"https:\/\/folhaderondonianews.com\/news\/wp-json\/wp\/v2\/tags?post=24271"}],"curies":[{"name":"wp","href":"https:\/\/api.w.org\/{rel}","templated":true}]}}