{"id":24302,"date":"2019-08-23T16:49:48","date_gmt":"2019-08-23T20:49:48","guid":{"rendered":"http:\/\/folhaderondonianews.com\/news\/?p=24302"},"modified":"2019-08-27T09:04:29","modified_gmt":"2019-08-27T13:04:29","slug":"detran-ro-uso-da-maquina-publica-em-beneficio-proprio-pode-por-fim-a-programa-social-em-rondonia","status":"publish","type":"post","link":"https:\/\/folhaderondonianews.com\/news\/2019\/08\/23\/detran-ro-uso-da-maquina-publica-em-beneficio-proprio-pode-por-fim-a-programa-social-em-rondonia\/","title":{"rendered":"Detran-RO &#8211; Uso da m\u00e1quina p\u00fablica em benef\u00edcio pr\u00f3prio pode p\u00f4r fim \u00e0 programa social em Rond\u00f4nia"},"content":{"rendered":"<p>Em entrevista a emissoras de r\u00e1dio, no interior do estado, nesta semana, o presidente da assembleia legislativa, deputado estadual Laerte Gomes (PSDB), criticou a atua\u00e7\u00e3o e autua\u00e7\u00f5es promovidas pelo Detran\/RO, que punem mais do que propriamente educa.<\/p>\n<p>Segundo o deputado, \u201ca educa\u00e7\u00e3o de tr\u00e2nsito deveria ser uma das principais atividades do \u00f3rg\u00e3o\u201d.<\/p>\n<p>A fala do deputado vem num momento em que o principal programa de educa\u00e7\u00e3o do \u00f3rg\u00e3o, o Anjos do Tr\u00e2nsito\u201d, sofre grave amea\u00e7a de extin\u00e7\u00e3o.<\/p>\n<p>Entenda.<\/p>\n<p>O Detran-RO tem alto \u00edndice de arrecada\u00e7\u00e3o e n\u00e3o pode ter lucratividade.<\/p>\n<p>Por lei, \u00e9 obrigado tamb\u00e9m a investir em a\u00e7\u00f5es e projetos de educa\u00e7\u00e3o para o tr\u00e2nsito, objetivando redu\u00e7\u00e3o de acidentes e mortes no tr\u00e2nsito.<\/p>\n<p>H\u00e1 mais de 17 anos, o \u00f3rg\u00e3o investia um volumoso recurso or\u00e7ament\u00e1rio, principalmente no projeto social Anjos do Tr\u00e2nsito, beneficiando anualmente milhares de alunos do ensino m\u00e9dio das escolas estaduais de Rond\u00f4nia que n\u00e3o tem condi\u00e7\u00f5es financeiras de custearem os altos valores para tirar a Primeira CNH em uma autoescola.<\/p>\n<p>Neste projeto, alunos tinham a oportunidade de aprender, gratuitamente, toda parte te\u00f3rica na pr\u00f3pria escola, atrav\u00e9s de equipes t\u00e9cnicas multidisciplinares.<\/p>\n<p>Eles recebiam uniformes, alimenta\u00e7\u00e3o e material did\u00e1tico. Tudo custeado pelo Detran-RO, com apoio da Secretaria de Estado da Educa\u00e7\u00e3o (SEDUC), atrav\u00e9s de conv\u00eanio.<\/p>\n<p>Os alunos carentes, em idade apropriada, ao conclu\u00edrem o curso na escola, recebiam do Detran-RO e da Seduc, a certifica\u00e7\u00e3o de conclus\u00e3o, faziam a prova te\u00f3rica do Detran e, para conclu\u00edrem o restante do processo e, somente pagavam as aulas pr\u00e1ticas veiculares nas autoescolas, ficando muito vi\u00e1vel financeiramente para os menos providos de recursos.<\/p>\n<p>Criado em 2002, na gest\u00e3o do ent\u00e3o governador Ivo Cassol, o objetivo do projeto era preparar gratuitamente os jovens futuros condutores, com o dobro da carga horaria de uma autoescola, com foco principal em cidadania, respeito a legisla\u00e7\u00e3o e maior conscientiza\u00e7\u00e3o no tr\u00e2nsito.<\/p>\n<p>Mas, desde que a nova gest\u00e3o tomou posse no \u00f3rg\u00e3o estadual de tr\u00e2nsito, no in\u00edcio de 2019, nenhuma nova turma foi formada e, o pior, quem j\u00e1 havia conclu\u00eddo o curso n\u00e3o recebeu certificado.<\/p>\n<p>Alunos do curso denunciam que a diretora adjunta do Detran-RO, Benedita Oliveira, est\u00e1 retendo os certificados, para que os estudantes, que j\u00e1 estavam aptos a realizarem as aulas pr\u00e1ticas para obter a CNH, tivessem que refazer toda a parte te\u00f3rica numa autoescola e pagar por isso.<\/p>\n<p>O motivo, confirmam servidores do \u00f3rg\u00e3o, revoltados com isso, seria o fato de que, al\u00e9m de ter autoescolas em seu nome e\/ou de familiares, Benedita \u00e9 membra da diretoria da associa\u00e7\u00e3o das autoescolas do estado de Rond\u00f4nia e, esse projeto gratuito prejudicaria tanto os neg\u00f3cios da adjunta, quanto dos seus associados.<\/p>\n<p>Logo, em vez de cuidar dos interesses do Detran e da popula\u00e7\u00e3o, Benedita estaria defendendo apenas sua categoria.<\/p>\n<blockquote><p>\u201cEles est\u00e3o h\u00e1 praticamente um ano nos enrolando com isso\u201d, desabafou a m\u00e3e da aluna Auriane Fernanda, hoje com 19 anos.<\/p><\/blockquote>\n<p>Auricl\u00e9ia dos santos Cunha \u00e9 m\u00e3e de uma das alunas do curso Anjos do Tr\u00e2nsito de 2018, Auriane Fernanda, que chegou a pegar o certificado, mas n\u00e3o conseguiu validar as horas\/aula, para o processo de habilita\u00e7\u00e3o.<\/p>\n<p>A den\u00fancia aponta que, todos que fizeram o curso no segundo semestre de 2018, est\u00e1 passando pela mesma dificuldade.<\/p>\n<p>\u201cA minha filha fez o curso de tr\u00eas meses, e eles disseram que minha filha ter\u00e1 de fazer o curso novamente\u201d, disse Auricl\u00e9ia, indignada.<\/p>\n<p>\u201c\u00c9 uma palha\u00e7ada o que fizeram. \u00c9 uma falta de respeito com o cidad\u00e3o. Inclusive j\u00e1 fui chamada na Assembleia Legislativa e no Minist\u00e9rio p\u00fablico, e ficam me jogando de um lado pro outro. Estou decepcionada, n\u00e3o apenas com o que fizeram com minha filha, como tamb\u00e9m com outros alunos\u201d, exclamou, desiludida.<\/p>\n<p>Ao encerrar a entrevista concedida, por telefone, \u00e0 nossa reportagem, Auricl\u00e9ia desabafou, contando que a filha, que \u00e9 acad\u00eamica, est\u00e1 tendo de ir para a faculdade de bicicleta, mesmo tendo ve\u00edculo, por que n\u00e3o conseguiu avan\u00e7ar no processo de habilita\u00e7\u00e3o no Detran-RO, justamente por conta desse impasse.<\/p>\n<p>\u201cEla j\u00e1 sofreu dois acidentes no percurso para a faculdade\u201d, revelou, preocupada a m\u00e3e de Auriane Fernanda.<\/p>\n<p>Outra pessoa que fez o curso, mas que enfrenta os mesmos problemas \u00e9 o Guilherme William Duarte Campos.<\/p>\n<p>Ele fez o curso do projeto \u201cAnjos do Tr\u00e2nsito\u201d no final de 2018 e, at\u00e9 hoje n\u00e3o conseguiu pegar o certificado de conclus\u00e3o das 90 horas\/aula.<\/p>\n<p>\u201cMe disseram que n\u00e3o poderiam me dar mais (o certificado), pois havia mudado a secretaria e a mulher que est\u00e1 l\u00e1, na presid\u00eancia, n\u00e3o quer liberar os certificados para quem concluiu o curso\u201d, afirmou o estudante.<\/p>\n<p>A mulher citada por ele \u00e9, na verdade, a ex-empres\u00e1ria do setor de autoescolas, hoje, diretora-adjunta do Detran, Benedita Oliveira.<\/p>\n<p>As empresas dela, credenciadas ao Detran-RO, foram transferidas para familiares, ao longo do primeiro semestre desse ano. Outras empresas ainda permanecem em sua titularidade.<\/p>\n<p>O conflito de interesses entre as atividades privadas de Benedita e a atua\u00e7\u00e3o dela no Detran-RO, tem motivado v\u00e1rias den\u00fancias ao Minist\u00e9rio P\u00fablico de Rond\u00f4nia, por representar grave afronta aos interesses p\u00fablicos, al\u00e9m ferir o princ\u00edpio da impessoalidade, intr\u00ednseca \u00e0 fun\u00e7\u00e3o p\u00fablica.<\/p>\n<p>Tudo isso tem prejudicado pessoas como o Guilherme, que \u00e9 empregado como aprendiz e, precisa fazer a CNH para avan\u00e7ar na carreira. Como ganha pouco no atual emprego, seus recursos n\u00e3o seriam suficientes para pagar integralmente o curso na autoescola.<\/p>\n<p>A sabotagem ao \u201cAnjos do Tr\u00e2nsito\u201d, configura-se, nesse contexto, como uma medida covarde e cruel, pois o projeto beneficiava exatamente as fam\u00edlias carentes, que s\u00e3o incapazes de custear todo o processo de habilita\u00e7\u00e3o e, vai no rumo contr\u00e1rio aos projetos do governador Marcos Rocha (PSL), que, em tese, visa priorizar a educa\u00e7\u00e3o de tr\u00e2nsito.<\/p>\n","protected":false},"excerpt":{"rendered":"<div class=\"mh-excerpt\"><p>O Programa Social \u201cAnjos do Tr\u00e2nsito\u201d, h\u00e1 17 anos contribuindo para a forma\u00e7\u00e3o e conscientiza\u00e7\u00e3o de estudantes de Rond\u00f4nia, desenvolvido pelo Detran-RO, est\u00e1 amea\u00e7ado.<\/p>\n<\/div>","protected":false},"author":1,"featured_media":24303,"comment_status":"open","ping_status":"closed","sticky":false,"template":"","format":"standard","meta":{"footnotes":""},"categories":[5],"tags":[5290],"class_list":["post-24302","post","type-post","status-publish","format-standard","has-post-thumbnail","hentry","category-brasil","tag-detran-ro"],"_links":{"self":[{"href":"https:\/\/folhaderondonianews.com\/news\/wp-json\/wp\/v2\/posts\/24302","targetHints":{"allow":["GET"]}}],"collection":[{"href":"https:\/\/folhaderondonianews.com\/news\/wp-json\/wp\/v2\/posts"}],"about":[{"href":"https:\/\/folhaderondonianews.com\/news\/wp-json\/wp\/v2\/types\/post"}],"author":[{"embeddable":true,"href":"https:\/\/folhaderondonianews.com\/news\/wp-json\/wp\/v2\/users\/1"}],"replies":[{"embeddable":true,"href":"https:\/\/folhaderondonianews.com\/news\/wp-json\/wp\/v2\/comments?post=24302"}],"version-history":[{"count":0,"href":"https:\/\/folhaderondonianews.com\/news\/wp-json\/wp\/v2\/posts\/24302\/revisions"}],"wp:featuredmedia":[{"embeddable":true,"href":"https:\/\/folhaderondonianews.com\/news\/wp-json\/wp\/v2\/media\/24303"}],"wp:attachment":[{"href":"https:\/\/folhaderondonianews.com\/news\/wp-json\/wp\/v2\/media?parent=24302"}],"wp:term":[{"taxonomy":"category","embeddable":true,"href":"https:\/\/folhaderondonianews.com\/news\/wp-json\/wp\/v2\/categories?post=24302"},{"taxonomy":"post_tag","embeddable":true,"href":"https:\/\/folhaderondonianews.com\/news\/wp-json\/wp\/v2\/tags?post=24302"}],"curies":[{"name":"wp","href":"https:\/\/api.w.org\/{rel}","templated":true}]}}