{"id":24317,"date":"2019-08-27T15:39:54","date_gmt":"2019-08-27T19:39:54","guid":{"rendered":"http:\/\/folhaderondonianews.com\/news\/?p=24317"},"modified":"2019-08-30T08:30:19","modified_gmt":"2019-08-30T12:30:19","slug":"tambaqui-sera-destaque-na-fiesp","status":"publish","type":"post","link":"https:\/\/folhaderondonianews.com\/news\/2019\/08\/27\/tambaqui-sera-destaque-na-fiesp\/","title":{"rendered":"Tambaqui ser\u00e1 destaque na FIESP"},"content":{"rendered":"<div dir=\"ltr\">\n<p class=\"x_gmail-MsoNoSpacing\">O Tambaqui e outros produtos de Rond\u00f4nia ser\u00e3o apresentados para empres\u00e1rios paulistas na a\u00e7\u00e3o denominada \u201cRond\u00f4nia Day\u201d. O evento ser\u00e1 realizado nesta quinta-feira, 29 na sede da Federa\u00e7\u00e3o das Ind\u00fastrias de S\u00e3o Paulo (Fiesp).<\/p>\n<p class=\"x_gmail-MsoNoSpacing\">Sobre o potencial da piscicultura de Rond\u00f4nia, o empres\u00e1rio Francisco Hidalgo Farina, que preside a Associa\u00e7\u00e3o dos Criadores de Peixes de Rond\u00f4nia (ACRIPAR) e a Federa\u00e7\u00e3o das Associa\u00e7\u00f5es Comerciais e Empresariais de Rond\u00f4nia (FACER), far\u00e1 a apresenta\u00e7\u00e3o.<\/p>\n<p class=\"x_gmail-MsoNoSpacing\">Farina vai destacar o potencial de Rond\u00f4nia produzir uma prote\u00edna saud\u00e1vel e saborosa, dentro dos padr\u00f5es de sustentabilidade.<\/p>\n<p><img decoding=\"async\" class=\"alignnone size-full wp-image-22043 lazyload\" data-src=\"https:\/\/folhaderondonianews.com\/news\/wp-content\/uploads\/2019\/03\/Caf\u00e9-quentinho.jpg\" alt=\"\" width=\"400\" height=\"335\" data-srcset=\"https:\/\/folhaderondonianews.com\/news\/wp-content\/uploads\/2019\/03\/Caf\u00e9-quentinho.jpg 400w, https:\/\/folhaderondonianews.com\/news\/wp-content\/uploads\/2019\/03\/Caf\u00e9-quentinho-300x251.jpg 300w\" data-sizes=\"(max-width: 400px) 100vw, 400px\" src=\"data:image\/svg+xml;base64,PHN2ZyB3aWR0aD0iMSIgaGVpZ2h0PSIxIiB4bWxucz0iaHR0cDovL3d3dy53My5vcmcvMjAwMC9zdmciPjwvc3ZnPg==\" style=\"--smush-placeholder-width: 400px; --smush-placeholder-aspect-ratio: 400\/335;\" \/><\/p>\n<p class=\"x_gmail-MsoNoSpacing\">O EVENTO<\/p>\n<p class=\"x_gmail-MsoNoSpacing\">O evento \u00e9 idealizado pela Superintend\u00eancia de Desenvolvimento Econ\u00f4mico e Infraestrutura (Sedi), em parceria com a Federa\u00e7\u00e3o das Ind\u00fastrias do Estado de Rond\u00f4nia (Fiero) e da Federa\u00e7\u00e3o do Com\u00e9rcio de Rond\u00f4nia (Fecom\u00e9rcio).<\/p>\n<p class=\"x_gmail-MsoNoSpacing\">O Rond\u00f4nia Day deve ter a participa\u00e7\u00e3o do governador de Rond\u00f4nia, Marcos Rocha, e Paulo Skaf, presidente da Fiesp, o Superintendente da SEDI S\u00e9rgio Gon\u00e7alves, os empres\u00e1rios de S\u00e3o Paulo e Rond\u00f4nia, as c\u00e2maras de com\u00e9rcio internacionais e autoridades p\u00fablicas. Ser\u00e3o realizados pain\u00e9is de apresenta\u00e7\u00e3o dos aspectos do setor produtivo e de infraestrutura, os benef\u00edcios para investidores, a situa\u00e7\u00e3o fiscal de Rond\u00f4nia e as oportunidades do setor produtivo.<\/p>\n<p><strong>Chef internacional<\/strong><br \/>\nO card\u00e1pio est\u00e1 sob a responsabilidade da\u00a0<i>chef<\/i>\u00a0internacional Cl\u00e9o\u00a0<span class=\"marko43ow42f4\" data-markjs=\"true\" data-ogac=\"\" data-ogab=\"\" data-ogsc=\"\" data-ogsb=\"\">Resset<\/span>ti &#8211; uma parceira do Governo do Estado, atrav\u00e9s da Sedi, em grandes eventos sobre culin\u00e1ria. &#8220;O potencial desse peixe amaz\u00f4nico, de sabor inigual\u00e1vel, vai encantar os mais exigentes paladares&#8221;, comentou Ressetti.<\/p>\n<p class=\"x_gmail-MsoNoSpacing\">Os empres\u00e1rios tamb\u00e9m poder\u00e3o conhecer os produtos rondonienses, com destaque para o peixe e o caf\u00e9. No final do evento, ser\u00e1 servido um almo\u00e7o utilizando comidas regionais de Rond\u00f4nia, como carpaccio de pirarucu, ceviche de tambaqui e sobremesas de gelato de cupua\u00e7u e a\u00e7a\u00ed.<\/p>\n<\/div>\n<p>&#8212;<\/p>\n","protected":false},"excerpt":{"rendered":"<div class=\"mh-excerpt\"><p>O Tambaqui e outros produtos de Rond\u00f4nia ser\u00e3o apresentados para empres\u00e1rios paulistas na a\u00e7\u00e3o denominada \u201cRond\u00f4nia Day\u201d. O evento ser\u00e1 realizado nesta quinta-feira, 29 na <a class=\"mh-excerpt-more\" href=\"https:\/\/folhaderondonianews.com\/news\/2019\/08\/27\/tambaqui-sera-destaque-na-fiesp\/\" title=\"Tambaqui ser\u00e1 destaque na FIESP\">[&#8230;]<\/a><\/p>\n<\/div>","protected":false},"author":1,"featured_media":24318,"comment_status":"open","ping_status":"closed","sticky":false,"template":"","format":"standard","meta":{"footnotes":""},"categories":[6],"tags":[2037,2820,5295],"class_list":["post-24317","post","type-post","status-publish","format-standard","has-post-thumbnail","hentry","category-agronegocio","tag-fiesp","tag-sao-paulo","tag-tambaqui"],"_links":{"self":[{"href":"https:\/\/folhaderondonianews.com\/news\/wp-json\/wp\/v2\/posts\/24317","targetHints":{"allow":["GET"]}}],"collection":[{"href":"https:\/\/folhaderondonianews.com\/news\/wp-json\/wp\/v2\/posts"}],"about":[{"href":"https:\/\/folhaderondonianews.com\/news\/wp-json\/wp\/v2\/types\/post"}],"author":[{"embeddable":true,"href":"https:\/\/folhaderondonianews.com\/news\/wp-json\/wp\/v2\/users\/1"}],"replies":[{"embeddable":true,"href":"https:\/\/folhaderondonianews.com\/news\/wp-json\/wp\/v2\/comments?post=24317"}],"version-history":[{"count":0,"href":"https:\/\/folhaderondonianews.com\/news\/wp-json\/wp\/v2\/posts\/24317\/revisions"}],"wp:featuredmedia":[{"embeddable":true,"href":"https:\/\/folhaderondonianews.com\/news\/wp-json\/wp\/v2\/media\/24318"}],"wp:attachment":[{"href":"https:\/\/folhaderondonianews.com\/news\/wp-json\/wp\/v2\/media?parent=24317"}],"wp:term":[{"taxonomy":"category","embeddable":true,"href":"https:\/\/folhaderondonianews.com\/news\/wp-json\/wp\/v2\/categories?post=24317"},{"taxonomy":"post_tag","embeddable":true,"href":"https:\/\/folhaderondonianews.com\/news\/wp-json\/wp\/v2\/tags?post=24317"}],"curies":[{"name":"wp","href":"https:\/\/api.w.org\/{rel}","templated":true}]}}