{"id":24447,"date":"2019-09-01T20:53:16","date_gmt":"2019-09-02T00:53:16","guid":{"rendered":"http:\/\/folhaderondonianews.com\/news\/?p=24447"},"modified":"2019-09-01T20:53:16","modified_gmt":"2019-09-02T00:53:16","slug":"oito-sao-detidos-na-operacao-verde-brasil-em-rondonia","status":"publish","type":"post","link":"https:\/\/folhaderondonianews.com\/news\/2019\/09\/01\/oito-sao-detidos-na-operacao-verde-brasil-em-rondonia\/","title":{"rendered":"Oito s\u00e3o detidos na Opera\u00e7\u00e3o Verde Brasil em Rond\u00f4nia"},"content":{"rendered":"<p>ABr &#8211; Oito pessoas foram detidas em uma semana de Opera\u00e7\u00e3o Verde Brasil em <strong>Rond\u00f4nia<\/strong>, informou neste domingo (1\u00ba) o Ex\u00e9rcito. A opera\u00e7\u00e3o \u00e9 a a\u00e7\u00e3o governamental voltada ao combate a inc\u00eandios e crimes ambientais na Amaz\u00f4nia.<\/p>\n<div class=\"dnd-widget-wrapper context-medio_4colunas type-image atom-align-left\">\n<div class=\"dnd-atom-rendered\"><\/div>\n<div class=\"dnd-caption-wrapper\">\n<div class=\"meta\">Segundo a 17\u00aa Brigada de Infantaria de Selva, entre os il\u00edcitos ambientais cometidos est\u00e3o extra\u00e7\u00e3o ilegal de madeira, queima ilegal do solo e porte ilegal de armas. De acordo com o balan\u00e7o divulgado, houve a apreens\u00e3o de 41 metros c\u00fabicos de madeira e 11 termos de infra\u00e7\u00e3o lavrados, no valor total de R$ 994.775 em multas. Tamb\u00e9m foram apreendidos um caminh\u00e3o, cinco motocicletas, uma motosserra, uma espingarda e quatro cartuchos n\u00e3o deflagrados.<\/div>\n<\/div>\n<\/div>\n<p>Conforme a brigada, at\u00e9 o momento, 208 homens e mulheres trabalharam diretamente nas a\u00e7\u00f5es de campo. S\u00e3o usados 43 ve\u00edculos terrestres (viaturas auto combate a inc\u00eandio florestal, caminh\u00f5es tanques, micro-\u00f4nibus, vans, caminhonetes 4&#215;4, ambul\u00e2ncias, quadriciclos e motocicletas), e 11 aeronaves (cinco helic\u00f3pteros, um C-130, quatro Airtractors e um Caravan).<\/p>\n<p>Para combater as queimadas em Rond\u00f4nia, no Acre e no sul do Amazonas, as aeronaves lan\u00e7aram cerca de 260 mil litros de \u00e1gua na primeira semana da Opera\u00e7\u00e3o Verde Brasil.<\/p>\n<div class=\"dnd-widget-wrapper context-medio_4colunas type-image atom-align-right\">\n<div class=\"dnd-atom-rendered\"><\/div>\n<div class=\"dnd-caption-wrapper\">\n<div class=\"meta\">Na sexta-feira (30), o ministro da Defesa, Fernando Azevedo, acompanhou o andamento das atividades realizadas no \u00e2mbito da Opera\u00e7\u00e3o Verde Brasil, em Rond\u00f4nia. A a\u00e7\u00e3o \u00e9 desenvolvida pelas For\u00e7as Armadas em parceria com institui\u00e7\u00f5es e \u00f3rg\u00e3os de seguran\u00e7a p\u00fablica e fiscaliza\u00e7\u00e3o, como For\u00e7a Nacional, Corpo de Bombeiros Militares, equipes de preven\u00e7\u00e3o e combate a inc\u00eandios do Instituto Brasileiro do Meio Ambiente e dos Recursos Naturais Renov\u00e1veis (Ibama), Pol\u00edcia Militar Ambiental, Centro Gestor e Operacional do Sistema de Prote\u00e7\u00e3o da Amaz\u00f4nia (Censipam) e Instituto Chico Mendes de Conserva\u00e7\u00e3o da Biodiversidade (ICMBio)<\/div>\n<\/div>\n<\/div>\n<p>Veja a galeria de\u00a0fotos.<\/p>\n<figure id=\"attachment_24454\" aria-describedby=\"caption-attachment-24454\" style=\"width: 640px\" class=\"wp-caption alignnone\"><img decoding=\"async\" class=\"wp-image-24454 size-full lazyload\" data-src=\"https:\/\/folhaderondonianews.com\/news\/wp-content\/uploads\/2019\/09\/Op-VERDE-BRASIL7.jpg\" alt=\"\" width=\"640\" height=\"427\" data-srcset=\"https:\/\/folhaderondonianews.com\/news\/wp-content\/uploads\/2019\/09\/Op-VERDE-BRASIL7.jpg 640w, https:\/\/folhaderondonianews.com\/news\/wp-content\/uploads\/2019\/09\/Op-VERDE-BRASIL7-300x200.jpg 300w\" data-sizes=\"(max-width: 640px) 100vw, 640px\" src=\"data:image\/svg+xml;base64,PHN2ZyB3aWR0aD0iMSIgaGVpZ2h0PSIxIiB4bWxucz0iaHR0cDovL3d3dy53My5vcmcvMjAwMC9zdmciPjwvc3ZnPg==\" style=\"--smush-placeholder-width: 640px; --smush-placeholder-aspect-ratio: 640\/427;\" \/><figcaption id=\"caption-attachment-24454\" class=\"wp-caption-text\">O Ministro da Defesa, Fernando Azevedo, durante a Opera\u00e7\u00e3o de Garantia da Lei e da Ordem Verde Brasil sob a Coordena\u00e7\u00e3o da 17\u00aa Brigada de Infantaria de Selva e com a participa\u00e7\u00e3o de \u00d3rg\u00e3os Estaduais e Federais, para combate a inc\u00eandios em &#8211;\u00a0Op VERDE BRASIL\/17<\/figcaption><\/figure>\n<p><img decoding=\"async\" class=\"alignnone size-full wp-image-24448 lazyload\" data-src=\"https:\/\/folhaderondonianews.com\/news\/wp-content\/uploads\/2019\/09\/Op-VERDE-BRASIL.jpg\" alt=\"\" width=\"640\" height=\"427\" data-srcset=\"https:\/\/folhaderondonianews.com\/news\/wp-content\/uploads\/2019\/09\/Op-VERDE-BRASIL.jpg 640w, https:\/\/folhaderondonianews.com\/news\/wp-content\/uploads\/2019\/09\/Op-VERDE-BRASIL-300x200.jpg 300w\" data-sizes=\"(max-width: 640px) 100vw, 640px\" src=\"data:image\/svg+xml;base64,PHN2ZyB3aWR0aD0iMSIgaGVpZ2h0PSIxIiB4bWxucz0iaHR0cDovL3d3dy53My5vcmcvMjAwMC9zdmciPjwvc3ZnPg==\" style=\"--smush-placeholder-width: 640px; --smush-placeholder-aspect-ratio: 640\/427;\" \/> <img decoding=\"async\" class=\"alignnone size-full wp-image-24449 lazyload\" data-src=\"https:\/\/folhaderondonianews.com\/news\/wp-content\/uploads\/2019\/09\/Op-VERDE-BRASIL2.jpg\" alt=\"\" width=\"640\" height=\"427\" data-srcset=\"https:\/\/folhaderondonianews.com\/news\/wp-content\/uploads\/2019\/09\/Op-VERDE-BRASIL2.jpg 640w, https:\/\/folhaderondonianews.com\/news\/wp-content\/uploads\/2019\/09\/Op-VERDE-BRASIL2-300x200.jpg 300w\" data-sizes=\"(max-width: 640px) 100vw, 640px\" src=\"data:image\/svg+xml;base64,PHN2ZyB3aWR0aD0iMSIgaGVpZ2h0PSIxIiB4bWxucz0iaHR0cDovL3d3dy53My5vcmcvMjAwMC9zdmciPjwvc3ZnPg==\" style=\"--smush-placeholder-width: 640px; --smush-placeholder-aspect-ratio: 640\/427;\" \/> <img decoding=\"async\" class=\"alignnone size-full wp-image-24450 lazyload\" data-src=\"https:\/\/folhaderondonianews.com\/news\/wp-content\/uploads\/2019\/09\/Op-VERDE-BRASIL3.jpg\" alt=\"\" width=\"640\" height=\"427\" data-srcset=\"https:\/\/folhaderondonianews.com\/news\/wp-content\/uploads\/2019\/09\/Op-VERDE-BRASIL3.jpg 640w, https:\/\/folhaderondonianews.com\/news\/wp-content\/uploads\/2019\/09\/Op-VERDE-BRASIL3-300x200.jpg 300w\" data-sizes=\"(max-width: 640px) 100vw, 640px\" src=\"data:image\/svg+xml;base64,PHN2ZyB3aWR0aD0iMSIgaGVpZ2h0PSIxIiB4bWxucz0iaHR0cDovL3d3dy53My5vcmcvMjAwMC9zdmciPjwvc3ZnPg==\" style=\"--smush-placeholder-width: 640px; --smush-placeholder-aspect-ratio: 640\/427;\" \/> <img decoding=\"async\" class=\"alignnone size-full wp-image-24451 lazyload\" data-src=\"https:\/\/folhaderondonianews.com\/news\/wp-content\/uploads\/2019\/09\/Op-VERDE-BRASIL4.jpg\" alt=\"\" width=\"640\" height=\"427\" data-srcset=\"https:\/\/folhaderondonianews.com\/news\/wp-content\/uploads\/2019\/09\/Op-VERDE-BRASIL4.jpg 640w, https:\/\/folhaderondonianews.com\/news\/wp-content\/uploads\/2019\/09\/Op-VERDE-BRASIL4-300x200.jpg 300w\" data-sizes=\"(max-width: 640px) 100vw, 640px\" src=\"data:image\/svg+xml;base64,PHN2ZyB3aWR0aD0iMSIgaGVpZ2h0PSIxIiB4bWxucz0iaHR0cDovL3d3dy53My5vcmcvMjAwMC9zdmciPjwvc3ZnPg==\" style=\"--smush-placeholder-width: 640px; --smush-placeholder-aspect-ratio: 640\/427;\" \/> <img decoding=\"async\" class=\"alignnone size-full wp-image-24452 lazyload\" data-src=\"https:\/\/folhaderondonianews.com\/news\/wp-content\/uploads\/2019\/09\/Op-VERDE-BRASIL5.jpg\" alt=\"\" width=\"426\" height=\"640\" data-srcset=\"https:\/\/folhaderondonianews.com\/news\/wp-content\/uploads\/2019\/09\/Op-VERDE-BRASIL5.jpg 426w, https:\/\/folhaderondonianews.com\/news\/wp-content\/uploads\/2019\/09\/Op-VERDE-BRASIL5-200x300.jpg 200w\" data-sizes=\"(max-width: 426px) 100vw, 426px\" src=\"data:image\/svg+xml;base64,PHN2ZyB3aWR0aD0iMSIgaGVpZ2h0PSIxIiB4bWxucz0iaHR0cDovL3d3dy53My5vcmcvMjAwMC9zdmciPjwvc3ZnPg==\" style=\"--smush-placeholder-width: 426px; --smush-placeholder-aspect-ratio: 426\/640;\" \/> <img decoding=\"async\" class=\"alignnone size-full wp-image-24453 lazyload\" data-src=\"https:\/\/folhaderondonianews.com\/news\/wp-content\/uploads\/2019\/09\/Op-VERDE-BRASIL6.jpg\" alt=\"\" width=\"426\" height=\"640\" data-srcset=\"https:\/\/folhaderondonianews.com\/news\/wp-content\/uploads\/2019\/09\/Op-VERDE-BRASIL6.jpg 426w, https:\/\/folhaderondonianews.com\/news\/wp-content\/uploads\/2019\/09\/Op-VERDE-BRASIL6-200x300.jpg 200w\" data-sizes=\"(max-width: 426px) 100vw, 426px\" src=\"data:image\/svg+xml;base64,PHN2ZyB3aWR0aD0iMSIgaGVpZ2h0PSIxIiB4bWxucz0iaHR0cDovL3d3dy53My5vcmcvMjAwMC9zdmciPjwvc3ZnPg==\" style=\"--smush-placeholder-width: 426px; --smush-placeholder-aspect-ratio: 426\/640;\" \/> <img decoding=\"async\" class=\"alignnone size-full wp-image-24456 lazyload\" data-src=\"https:\/\/folhaderondonianews.com\/news\/wp-content\/uploads\/2019\/09\/Op-VERDE-BRASIL9.jpg\" alt=\"\" width=\"640\" height=\"427\" data-srcset=\"https:\/\/folhaderondonianews.com\/news\/wp-content\/uploads\/2019\/09\/Op-VERDE-BRASIL9.jpg 640w, https:\/\/folhaderondonianews.com\/news\/wp-content\/uploads\/2019\/09\/Op-VERDE-BRASIL9-300x200.jpg 300w\" data-sizes=\"(max-width: 640px) 100vw, 640px\" src=\"data:image\/svg+xml;base64,PHN2ZyB3aWR0aD0iMSIgaGVpZ2h0PSIxIiB4bWxucz0iaHR0cDovL3d3dy53My5vcmcvMjAwMC9zdmciPjwvc3ZnPg==\" style=\"--smush-placeholder-width: 640px; --smush-placeholder-aspect-ratio: 640\/427;\" \/> <img decoding=\"async\" class=\"alignnone size-full wp-image-24457 lazyload\" data-src=\"https:\/\/folhaderondonianews.com\/news\/wp-content\/uploads\/2019\/09\/Op-VERDE-BRASIL10.jpg\" alt=\"\" width=\"640\" height=\"427\" data-srcset=\"https:\/\/folhaderondonianews.com\/news\/wp-content\/uploads\/2019\/09\/Op-VERDE-BRASIL10.jpg 640w, https:\/\/folhaderondonianews.com\/news\/wp-content\/uploads\/2019\/09\/Op-VERDE-BRASIL10-300x200.jpg 300w\" data-sizes=\"(max-width: 640px) 100vw, 640px\" src=\"data:image\/svg+xml;base64,PHN2ZyB3aWR0aD0iMSIgaGVpZ2h0PSIxIiB4bWxucz0iaHR0cDovL3d3dy53My5vcmcvMjAwMC9zdmciPjwvc3ZnPg==\" style=\"--smush-placeholder-width: 640px; --smush-placeholder-aspect-ratio: 640\/427;\" \/><\/p>\n","protected":false},"excerpt":{"rendered":"<div class=\"mh-excerpt\"><p>Opera\u00e7\u00e3o combate crimes ambientais e queimadas na Amaz\u00f4nia.<\/p>\n<\/div>","protected":false},"author":1,"featured_media":24455,"comment_status":"open","ping_status":"closed","sticky":false,"template":"","format":"standard","meta":{"footnotes":""},"categories":[1],"tags":[5325,5326,5324,1218,5327,42],"class_list":["post-24447","post","type-post","status-publish","format-standard","has-post-thumbnail","hentry","category-sem-categoria","tag-crime-ambientl","tag-derrubadas","tag-operacao-verde-brasil","tag-queimadas","tag-reserva-florestal","tag-rondonia"],"_links":{"self":[{"href":"https:\/\/folhaderondonianews.com\/news\/wp-json\/wp\/v2\/posts\/24447","targetHints":{"allow":["GET"]}}],"collection":[{"href":"https:\/\/folhaderondonianews.com\/news\/wp-json\/wp\/v2\/posts"}],"about":[{"href":"https:\/\/folhaderondonianews.com\/news\/wp-json\/wp\/v2\/types\/post"}],"author":[{"embeddable":true,"href":"https:\/\/folhaderondonianews.com\/news\/wp-json\/wp\/v2\/users\/1"}],"replies":[{"embeddable":true,"href":"https:\/\/folhaderondonianews.com\/news\/wp-json\/wp\/v2\/comments?post=24447"}],"version-history":[{"count":0,"href":"https:\/\/folhaderondonianews.com\/news\/wp-json\/wp\/v2\/posts\/24447\/revisions"}],"wp:featuredmedia":[{"embeddable":true,"href":"https:\/\/folhaderondonianews.com\/news\/wp-json\/wp\/v2\/media\/24455"}],"wp:attachment":[{"href":"https:\/\/folhaderondonianews.com\/news\/wp-json\/wp\/v2\/media?parent=24447"}],"wp:term":[{"taxonomy":"category","embeddable":true,"href":"https:\/\/folhaderondonianews.com\/news\/wp-json\/wp\/v2\/categories?post=24447"},{"taxonomy":"post_tag","embeddable":true,"href":"https:\/\/folhaderondonianews.com\/news\/wp-json\/wp\/v2\/tags?post=24447"}],"curies":[{"name":"wp","href":"https:\/\/api.w.org\/{rel}","templated":true}]}}