{"id":24466,"date":"2019-09-02T07:21:28","date_gmt":"2019-09-02T11:21:28","guid":{"rendered":"http:\/\/folhaderondonianews.com\/news\/?p=24466"},"modified":"2019-09-02T07:21:28","modified_gmt":"2019-09-02T11:21:28","slug":"chance-do-rio-grande-do-sul-ser-considerado-livre-de-aftosa-sem-vacinacao-e-alta","status":"publish","type":"post","link":"https:\/\/folhaderondonianews.com\/news\/2019\/09\/02\/chance-do-rio-grande-do-sul-ser-considerado-livre-de-aftosa-sem-vacinacao-e-alta\/","title":{"rendered":"Chance do Rio Grande do Sul ser considerado livre de aftosa sem vacina\u00e7\u00e3o \u00e9 alta"},"content":{"rendered":"<p>A 42\u00aa Expointer, que terminou ontem, pode ter sido a \u00faltima realizada com gado vacinado contra a febre aftosa, porque nesta semana vem o Minist\u00e9rio da Agricultura deve analisar se muda o status sanit\u00e1rio do Rio Grande do Sul. O tema foi\u00a0 discutido na sexta-feira, 30, no 1\u00ba F\u00f3rum Nacional de Febre Aftosa.<\/p>\n<div class=\"ad ad-float ad-300-250\">\n<div id=\"banner-300x250-area\" data-google-query-id=\"CKXzp4WBsuQCFbb24QodY0gBmg\">\n<div id=\"google_ads_iframe_\/8804\/parceiros\/canal_rural\/sites_e_especiais_2__container__\">Segundo o coordenador do Programa de Controle e Erradica\u00e7\u00e3o da Febre Aftosa no estado, Fernando Groff, as chances de obter um status como o de Santa Catarina, estado considerado livre da doen\u00e7a sem vacina\u00e7\u00e3o, s\u00e3o alt\u00edssimas. \u201cA ideia \u00e9 formar um bloco com o Paran\u00e1 e Santa Catarina, porque os interesses dos mercados s\u00e3o comuns\u201d, diz.<\/div>\n<\/div>\n<\/div>\n","protected":false},"excerpt":{"rendered":"<div class=\"mh-excerpt\"><p>\u2018Chance do RS ser considerado livre de aftosa sem vacina\u00e7\u00e3o \u00e9 alta\u2019.<\/p>\n<\/div>","protected":false},"author":1,"featured_media":24467,"comment_status":"open","ping_status":"closed","sticky":false,"template":"","format":"standard","meta":{"footnotes":""},"categories":[1],"tags":[63,4444,5332],"class_list":["post-24466","post","type-post","status-publish","format-standard","has-post-thumbnail","hentry","category-sem-categoria","tag-aftosa","tag-rio-grande-do-sul","tag-sem-vacinacao"],"_links":{"self":[{"href":"https:\/\/folhaderondonianews.com\/news\/wp-json\/wp\/v2\/posts\/24466","targetHints":{"allow":["GET"]}}],"collection":[{"href":"https:\/\/folhaderondonianews.com\/news\/wp-json\/wp\/v2\/posts"}],"about":[{"href":"https:\/\/folhaderondonianews.com\/news\/wp-json\/wp\/v2\/types\/post"}],"author":[{"embeddable":true,"href":"https:\/\/folhaderondonianews.com\/news\/wp-json\/wp\/v2\/users\/1"}],"replies":[{"embeddable":true,"href":"https:\/\/folhaderondonianews.com\/news\/wp-json\/wp\/v2\/comments?post=24466"}],"version-history":[{"count":0,"href":"https:\/\/folhaderondonianews.com\/news\/wp-json\/wp\/v2\/posts\/24466\/revisions"}],"wp:featuredmedia":[{"embeddable":true,"href":"https:\/\/folhaderondonianews.com\/news\/wp-json\/wp\/v2\/media\/24467"}],"wp:attachment":[{"href":"https:\/\/folhaderondonianews.com\/news\/wp-json\/wp\/v2\/media?parent=24466"}],"wp:term":[{"taxonomy":"category","embeddable":true,"href":"https:\/\/folhaderondonianews.com\/news\/wp-json\/wp\/v2\/categories?post=24466"},{"taxonomy":"post_tag","embeddable":true,"href":"https:\/\/folhaderondonianews.com\/news\/wp-json\/wp\/v2\/tags?post=24466"}],"curies":[{"name":"wp","href":"https:\/\/api.w.org\/{rel}","templated":true}]}}