{"id":24581,"date":"2019-09-07T08:47:35","date_gmt":"2019-09-07T12:47:35","guid":{"rendered":"http:\/\/folhaderondonianews.com\/news\/?p=24581"},"modified":"2019-09-07T08:50:44","modified_gmt":"2019-09-07T12:50:44","slug":"desfile-em-brasilia-conta-com-45-mil-pessoas-acompanhe-ao-vivo","status":"publish","type":"post","link":"https:\/\/folhaderondonianews.com\/news\/2019\/09\/07\/desfile-em-brasilia-conta-com-45-mil-pessoas-acompanhe-ao-vivo\/","title":{"rendered":"Desfile em Bras\u00edlia conta com 4,5 mil pessoas; acompanhe ao vivo"},"content":{"rendered":"<p>ABr &#8211; A Esplanada dos Minist\u00e9rios amanheceu com c\u00e9u nublado e uma brisa fresca nesta manh\u00e3 em que se celebra os 197 anos da proclama\u00e7\u00e3o da Independ\u00eancia do Brasil. Para a abertura do desfile c\u00edvico-militar, a partir das 9h, est\u00e1 prevista a participa\u00e7\u00e3o do presidente da Rep\u00fablica, <strong>Jair Bolsonaro,<\/strong> que acompanhar\u00e1 o desfile, previsto para se encerrar \u00e0s 11h.<\/p>\n<p>Este ano desfilar\u00e3o mais de 4,5 mil pessoas, sendo 3 mil militares das For\u00e7as Armadas. Entre as atra\u00e7\u00f5es est\u00e3o a passagem do Fogo Simb\u00f3lico da P\u00e1tria que ser\u00e1 conduzido pelo atleta Altobeli Santos da Silva (3\u00ba sargento da Marinha do Brasil), o desfile de alunos de escolas do Distrito Federal e a Pir\u00e2mide Humana, do Batalh\u00e3o de Pol\u00edcia do Ex\u00e9rcito de Bras\u00edlia. O grupo possui recorde mundial por ter apresentado 47 militares em deslocamento em uma \u00fanica moto. Encerrando o desfile, a Esquadrilha da Fuma\u00e7a far\u00e1 o\u00a0<em>show<\/em>\u00a0acrob\u00e1tico no c\u00e9u de Bras\u00edlia, informou a Secretaria Especial de Comunica\u00e7\u00e3o Social da Presid\u00eancia da Rep\u00fablica.<\/p>\n<p>Ao deixar o Pal\u00e1cio da Alvorada para se dirigir ao local do desfile, o presidente Bolsonaro falou com exclusividade \u00e0\u00a0<strong>TV Brasil<\/strong>\u00a0e fez um convite aos brasileiros para prestigiarem a comemora\u00e7\u00e3o da Independ\u00eancia em suas cidades. &#8220;Neste momento, quem puder comparecer, em seu munic\u00edpio por ocasi\u00e3o do 7 de setembro, assim como eu estou indo aqui para a Esplanada dos Minist\u00e9rios comemorar esta data, compare\u00e7a. O Brasil \u00e9 nosso. \u00c9 verde e amarelo.&#8221;<\/p>\n<p>A enfermeira Luciane Alves, 52 anos, de Charqueadas, no Rio Grande do Sul, contou que j\u00e1 esteve em Bras\u00edlia outras vezes, mas esta \u00e9 a primeira vez em que veio prestigiar o desfile. &#8220;Acho importante prestigiar este ato c\u00edvico&#8221;, disse Luciane, que tem parentes militares.<\/p>\n<p>J\u00e1 Marcos Vin\u00edcius Damaceno, 45 anos, reuniu a fam\u00edlia para acompanhar o desfile. Ele veio com a esposa e os filhos, de 2 anos e 5 anos. \u201c\u00c9 importante a fam\u00edlia estar junta nestes eventos relacionados ao amor a p\u00e1tria\u201d.<\/p>\n<p><iframe title=\"Acompanhe ao vivo o desfile de 7 de setembro\" width=\"500\" height=\"281\" data-src=\"https:\/\/www.youtube.com\/embed\/1_m9H6tyRJc?feature=oembed\" frameborder=\"0\" allow=\"accelerometer; autoplay; clipboard-write; encrypted-media; gyroscope; picture-in-picture; web-share\" referrerpolicy=\"strict-origin-when-cross-origin\" allowfullscreen src=\"data:image\/svg+xml;base64,PHN2ZyB3aWR0aD0iMSIgaGVpZ2h0PSIxIiB4bWxucz0iaHR0cDovL3d3dy53My5vcmcvMjAwMC9zdmciPjwvc3ZnPg==\" class=\"lazyload\" data-load-mode=\"1\"><\/iframe><\/p>\n<p><img decoding=\"async\" class=\"alignnone size-full wp-image-24496 lazyload\" data-src=\"https:\/\/folhaderondonianews.com\/news\/wp-content\/uploads\/2019\/09\/expojipa-40-anos.jpg\" alt=\"\" width=\"594\" height=\"596\" data-srcset=\"https:\/\/folhaderondonianews.com\/news\/wp-content\/uploads\/2019\/09\/expojipa-40-anos.jpg 594w, https:\/\/folhaderondonianews.com\/news\/wp-content\/uploads\/2019\/09\/expojipa-40-anos-150x150.jpg 150w, https:\/\/folhaderondonianews.com\/news\/wp-content\/uploads\/2019\/09\/expojipa-40-anos-300x300.jpg 300w\" data-sizes=\"(max-width: 594px) 100vw, 594px\" src=\"data:image\/svg+xml;base64,PHN2ZyB3aWR0aD0iMSIgaGVpZ2h0PSIxIiB4bWxucz0iaHR0cDovL3d3dy53My5vcmcvMjAwMC9zdmciPjwvc3ZnPg==\" style=\"--smush-placeholder-width: 594px; --smush-placeholder-aspect-ratio: 594\/596;\" \/><\/p>\n<p><iframe title=\"Speed Travel\" width=\"500\" height=\"281\" data-src=\"https:\/\/www.youtube.com\/embed\/KadgFgGh-ms?feature=oembed\" frameborder=\"0\" allow=\"accelerometer; autoplay; clipboard-write; encrypted-media; gyroscope; picture-in-picture; web-share\" referrerpolicy=\"strict-origin-when-cross-origin\" allowfullscreen src=\"data:image\/svg+xml;base64,PHN2ZyB3aWR0aD0iMSIgaGVpZ2h0PSIxIiB4bWxucz0iaHR0cDovL3d3dy53My5vcmcvMjAwMC9zdmciPjwvc3ZnPg==\" class=\"lazyload\" data-load-mode=\"1\"><\/iframe><\/p>\n","protected":false},"excerpt":{"rendered":"<div class=\"mh-excerpt\"><p>ABr &#8211; A Esplanada dos Minist\u00e9rios amanheceu com c\u00e9u nublado e uma brisa fresca nesta manh\u00e3 em que se celebra os 197 anos da proclama\u00e7\u00e3o <a class=\"mh-excerpt-more\" href=\"https:\/\/folhaderondonianews.com\/news\/2019\/09\/07\/desfile-em-brasilia-conta-com-45-mil-pessoas-acompanhe-ao-vivo\/\" title=\"Desfile em Bras\u00edlia conta com 4,5 mil pessoas; acompanhe ao vivo\">[&#8230;]<\/a><\/p>\n<\/div>","protected":false},"author":1,"featured_media":24583,"comment_status":"open","ping_status":"closed","sticky":false,"template":"","format":"standard","meta":{"footnotes":""},"categories":[5],"tags":[1823,5372,5371],"class_list":["post-24581","post","type-post","status-publish","format-standard","has-post-thumbnail","hentry","category-brasil","tag-jair-bolsonaro","tag-sete-de-setembro","tag-tv-brasil"],"_links":{"self":[{"href":"https:\/\/folhaderondonianews.com\/news\/wp-json\/wp\/v2\/posts\/24581","targetHints":{"allow":["GET"]}}],"collection":[{"href":"https:\/\/folhaderondonianews.com\/news\/wp-json\/wp\/v2\/posts"}],"about":[{"href":"https:\/\/folhaderondonianews.com\/news\/wp-json\/wp\/v2\/types\/post"}],"author":[{"embeddable":true,"href":"https:\/\/folhaderondonianews.com\/news\/wp-json\/wp\/v2\/users\/1"}],"replies":[{"embeddable":true,"href":"https:\/\/folhaderondonianews.com\/news\/wp-json\/wp\/v2\/comments?post=24581"}],"version-history":[{"count":0,"href":"https:\/\/folhaderondonianews.com\/news\/wp-json\/wp\/v2\/posts\/24581\/revisions"}],"wp:featuredmedia":[{"embeddable":true,"href":"https:\/\/folhaderondonianews.com\/news\/wp-json\/wp\/v2\/media\/24583"}],"wp:attachment":[{"href":"https:\/\/folhaderondonianews.com\/news\/wp-json\/wp\/v2\/media?parent=24581"}],"wp:term":[{"taxonomy":"category","embeddable":true,"href":"https:\/\/folhaderondonianews.com\/news\/wp-json\/wp\/v2\/categories?post=24581"},{"taxonomy":"post_tag","embeddable":true,"href":"https:\/\/folhaderondonianews.com\/news\/wp-json\/wp\/v2\/tags?post=24581"}],"curies":[{"name":"wp","href":"https:\/\/api.w.org\/{rel}","templated":true}]}}