{"id":24587,"date":"2019-09-07T09:14:58","date_gmt":"2019-09-07T13:14:58","guid":{"rendered":"http:\/\/folhaderondonianews.com\/news\/?p=24587"},"modified":"2019-09-07T09:19:37","modified_gmt":"2019-09-07T13:19:37","slug":"robusta-avanca-e-rondonia-a-um-passo-do-reconhecimento-de-produzir-cafe-de-qualidade","status":"publish","type":"post","link":"https:\/\/folhaderondonianews.com\/news\/2019\/09\/07\/robusta-avanca-e-rondonia-a-um-passo-do-reconhecimento-de-produzir-cafe-de-qualidade\/","title":{"rendered":"Robusta avan\u00e7a e Rond\u00f4nia a um passo do reconhecimento de produzir caf\u00e9 de qualidade"},"content":{"rendered":"<p>O investimento feito na produ\u00e7\u00e3o cafeeira nos \u00faltimos anos tem elevado o estado de Rond\u00f4nia ao patamar dos grandes produtores de <strong>caf\u00e9<\/strong> do pa\u00eds. Com destaque para a variedade conillon, que melhor se adaptou ao solo local, a produ\u00e7\u00e3o vem aumentando a cada ano e \u00e9 cada vez maior a procura de produtores rurais para investimento na cafeicultura. A prova disso est\u00e1 na 4\u00aa edi\u00e7\u00e3o do Concurso de <strong>Qualidade<\/strong> e Sustentabilidade do Caf\u00e9 de <strong>Rond\u00f4nia<\/strong> (Concaf\u00e9) que teve um aumento de quase 200% no n\u00famero de inscritos.<\/p>\n<p>A realiza\u00e7\u00e3o do Concaf\u00e9 tem permitido aos cafeicultores rondonienses pensar muito al\u00e9m de suas propriedades. Com incentivo do governo do Estado e assist\u00eancia t\u00e9cnica da Emater-RO muitos deles t\u00eam primado pela <strong>qualidade<\/strong> da sua produ\u00e7\u00e3o e o resultado vem sendo muito maior que o esperado.<\/p>\n<p>Nesses quatro anos de realiza\u00e7\u00e3o do Concaf\u00e9, o <strong>caf\u00e9<\/strong> de <strong>Rond\u00f4nia<\/strong> conquistou proje\u00e7\u00e3o nacional oportunizando a participa\u00e7\u00e3o de cafeicultores rondonienses em concursos internacionalmente reconhecidos, tendo inclusive, vencido alguns deles, a exemplo do Coffee Of The Year, que elege os melhores caf\u00e9s do Brasil.<\/p>\n<p><img decoding=\"async\" class=\"alignnone size-full wp-image-22043 lazyload\" data-src=\"https:\/\/folhaderondonianews.com\/news\/wp-content\/uploads\/2019\/03\/Caf\u00e9-quentinho.jpg\" alt=\"\" width=\"400\" height=\"335\" data-srcset=\"https:\/\/folhaderondonianews.com\/news\/wp-content\/uploads\/2019\/03\/Caf\u00e9-quentinho.jpg 400w, https:\/\/folhaderondonianews.com\/news\/wp-content\/uploads\/2019\/03\/Caf\u00e9-quentinho-300x251.jpg 300w\" data-sizes=\"(max-width: 400px) 100vw, 400px\" src=\"data:image\/svg+xml;base64,PHN2ZyB3aWR0aD0iMSIgaGVpZ2h0PSIxIiB4bWxucz0iaHR0cDovL3d3dy53My5vcmcvMjAwMC9zdmciPjwvc3ZnPg==\" style=\"--smush-placeholder-width: 400px; --smush-placeholder-aspect-ratio: 400\/335;\" \/><\/p>\n<p><img decoding=\"async\" class=\"alignnone size-full wp-image-24496 lazyload\" data-src=\"https:\/\/folhaderondonianews.com\/news\/wp-content\/uploads\/2019\/09\/expojipa-40-anos.jpg\" alt=\"\" width=\"594\" height=\"596\" data-srcset=\"https:\/\/folhaderondonianews.com\/news\/wp-content\/uploads\/2019\/09\/expojipa-40-anos.jpg 594w, https:\/\/folhaderondonianews.com\/news\/wp-content\/uploads\/2019\/09\/expojipa-40-anos-150x150.jpg 150w, https:\/\/folhaderondonianews.com\/news\/wp-content\/uploads\/2019\/09\/expojipa-40-anos-300x300.jpg 300w\" data-sizes=\"(max-width: 594px) 100vw, 594px\" src=\"data:image\/svg+xml;base64,PHN2ZyB3aWR0aD0iMSIgaGVpZ2h0PSIxIiB4bWxucz0iaHR0cDovL3d3dy53My5vcmcvMjAwMC9zdmciPjwvc3ZnPg==\" style=\"--smush-placeholder-width: 594px; --smush-placeholder-aspect-ratio: 594\/596;\" \/><\/p>\n<p>O Concaf\u00e9 deste ano recebeu 306 amostras de <strong>caf\u00e9<\/strong> para serem degustados e classificados por R-Graders, profissionais especialista em avaliar a <strong>qualidade<\/strong> do <strong>caf\u00e9<\/strong> da variedade <strong>robusta<\/strong>. \u00c9 mais que o dobro do ano passado, confirmando a for\u00e7a que o <strong>caf\u00e9<\/strong> vem adquirindo no estado. \u201cTive a oportunidade de\u00a0provar esses caf\u00e9s no ano passado e estou provando neste ano, tamb\u00e9m, e foi poss\u00edvel, logo no in\u00edcio das degusta\u00e7\u00f5es, perceber uma melhora muito grande de <strong>qualidade<\/strong> nos lotes que foram apresentados\u201d, diz Jo\u00e3o Vitor Pereira da Silva, gestor de <strong>qualidade<\/strong> da Associa\u00e7\u00e3o Brasileira de Caf\u00e9s Especiais (BSCA).<\/p>\n<div id=\"attachment_131823\" class=\"wp-caption alignleft\">\n<p><a href=\"http:\/\/data.portal.sistemas.ro.gov.br\/2016\/08\/QGraders-iniciam-analise-das-amostras-de-cafe_002-FOTO-EMATER.jpg\" data-fancybox-group=\"entry-gallery\"><img decoding=\"async\" class=\"wp-image-131823 lazyload\" data-src=\"http:\/\/data.portal.sistemas.ro.gov.br\/2016\/08\/QGraders-iniciam-analise-das-amostras-de-cafe_002-FOTO-EMATER-870x544.jpg\" data-sizes=\"(max-width: 400px) 100vw, 400px\" data-srcset=\"http:\/\/data.portal.sistemas.ro.gov.br\/2016\/08\/QGraders-iniciam-analise-das-amostras-de-cafe_002-FOTO-EMATER-870x544.jpg 870w, http:\/\/data.portal.sistemas.ro.gov.br\/2016\/08\/QGraders-iniciam-analise-das-amostras-de-cafe_002-FOTO-EMATER-170x106.jpg 170w, http:\/\/data.portal.sistemas.ro.gov.br\/2016\/08\/QGraders-iniciam-analise-das-amostras-de-cafe_002-FOTO-EMATER-370x231.jpg 370w, http:\/\/data.portal.sistemas.ro.gov.br\/2016\/08\/QGraders-iniciam-analise-das-amostras-de-cafe_002-FOTO-EMATER-570x356.jpg 570w, http:\/\/data.portal.sistemas.ro.gov.br\/2016\/08\/QGraders-iniciam-analise-das-amostras-de-cafe_002-FOTO-EMATER.jpg 1280w\" alt=\"\" width=\"400\" height=\"250\" src=\"data:image\/svg+xml;base64,PHN2ZyB3aWR0aD0iMSIgaGVpZ2h0PSIxIiB4bWxucz0iaHR0cDovL3d3dy53My5vcmcvMjAwMC9zdmciPjwvc3ZnPg==\" style=\"--smush-placeholder-width: 400px; --smush-placeholder-aspect-ratio: 400\/250;\" \/><\/a><\/p>\n<p class=\"wp-caption-text\"><em>Melhoria na qualidade do caf\u00e9 de <strong>Rond\u00f4nia<\/strong><\/em>.<\/p>\n<\/div>\n<p>Jo\u00e3o Vitor diz ainda que \u201cos produtores est\u00e3o se mostrando cada vez mais ciente da import\u00e2ncia de promover, de divulgar, de produzir com melhor <strong>qualidade<\/strong>\u201d para conquistar o mercado e mostrar ao mundo a <strong>qualidade<\/strong> dos caf\u00e9s de <strong>Rond\u00f4nia<\/strong>, e os concursos realizados no estado tem contribu\u00eddo muito para isso. \u201cA partir do momento que os cafeicultores aumentarem sua produ\u00e7\u00e3o, provavelmente vai aumentar a procura pela divulga\u00e7\u00e3o que vem sendo feita atrav\u00e9s dos concursos e isso vai trazer retorno em um futuro n\u00e3o t\u00e3o distante\u201d, enfatiza o gestor.<\/p>\n<p>A perspectiva de o <strong>caf\u00e9<\/strong> rondoniense tornar-se refer\u00eancia na produ\u00e7\u00e3o de caf\u00e9 <strong>robusta<\/strong> de qualidade \u00e9 uma conquista a ser consolidada. Para Jo\u00e3o Vitor, se os cafeicultores de <strong>Rond\u00f4nia<\/strong> continuarem investindo na produ\u00e7\u00e3o do <strong>caf\u00e9<\/strong> com qualidade e sustentabilidade, com certifica\u00e7\u00e3o das propriedades, que \u00e9 uma exig\u00eancia que o mundo todo tem feito, o reconhecimento vir\u00e1, com certeza. \u201cContinuar nessa produ\u00e7\u00e3o, na procura de qualidade e, sobretudo, divulgar isso de uma maneira que o pessoal consiga associar a qualidade dos caf\u00e9s <strong>robusta<\/strong> como <strong>Rond\u00f4nia<\/strong> sendo referencial, \u00e9 um desafio que tem a\u00ed para ser cumprido, e eu acredito que seja poss\u00edvel, sim, isso ser alcan\u00e7ado aqui para o estado.\u201d<\/p>\n","protected":false},"excerpt":{"rendered":"<div class=\"mh-excerpt\"><p>O investimento feito na produ\u00e7\u00e3o cafeeira nos \u00faltimos anos tem elevado o estado de Rond\u00f4nia ao patamar dos grandes produtores de caf\u00e9 do pa\u00eds. Com <a class=\"mh-excerpt-more\" href=\"https:\/\/folhaderondonianews.com\/news\/2019\/09\/07\/robusta-avanca-e-rondonia-a-um-passo-do-reconhecimento-de-produzir-cafe-de-qualidade\/\" title=\"Robusta avan\u00e7a e Rond\u00f4nia a um passo do reconhecimento de produzir caf\u00e9 de qualidade\">[&#8230;]<\/a><\/p>\n<\/div>","protected":false},"author":1,"featured_media":24588,"comment_status":"open","ping_status":"closed","sticky":false,"template":"","format":"standard","meta":{"footnotes":""},"categories":[6],"tags":[1047,5037,4963,42],"class_list":["post-24587","post","type-post","status-publish","format-standard","has-post-thumbnail","hentry","category-agronegocio","tag-cafe","tag-qualidade","tag-robusta","tag-rondonia"],"_links":{"self":[{"href":"https:\/\/folhaderondonianews.com\/news\/wp-json\/wp\/v2\/posts\/24587","targetHints":{"allow":["GET"]}}],"collection":[{"href":"https:\/\/folhaderondonianews.com\/news\/wp-json\/wp\/v2\/posts"}],"about":[{"href":"https:\/\/folhaderondonianews.com\/news\/wp-json\/wp\/v2\/types\/post"}],"author":[{"embeddable":true,"href":"https:\/\/folhaderondonianews.com\/news\/wp-json\/wp\/v2\/users\/1"}],"replies":[{"embeddable":true,"href":"https:\/\/folhaderondonianews.com\/news\/wp-json\/wp\/v2\/comments?post=24587"}],"version-history":[{"count":0,"href":"https:\/\/folhaderondonianews.com\/news\/wp-json\/wp\/v2\/posts\/24587\/revisions"}],"wp:featuredmedia":[{"embeddable":true,"href":"https:\/\/folhaderondonianews.com\/news\/wp-json\/wp\/v2\/media\/24588"}],"wp:attachment":[{"href":"https:\/\/folhaderondonianews.com\/news\/wp-json\/wp\/v2\/media?parent=24587"}],"wp:term":[{"taxonomy":"category","embeddable":true,"href":"https:\/\/folhaderondonianews.com\/news\/wp-json\/wp\/v2\/categories?post=24587"},{"taxonomy":"post_tag","embeddable":true,"href":"https:\/\/folhaderondonianews.com\/news\/wp-json\/wp\/v2\/tags?post=24587"}],"curies":[{"name":"wp","href":"https:\/\/api.w.org\/{rel}","templated":true}]}}