{"id":24600,"date":"2019-09-08T15:26:58","date_gmt":"2019-09-08T19:26:58","guid":{"rendered":"http:\/\/folhaderondonianews.com\/news\/?p=24600"},"modified":"2019-09-08T15:41:12","modified_gmt":"2019-09-08T19:41:12","slug":"talita-valadares-eleita-rainha-da-expojipa","status":"publish","type":"post","link":"https:\/\/folhaderondonianews.com\/news\/2019\/09\/08\/talita-valadares-eleita-rainha-da-expojipa\/","title":{"rendered":"Talita Valadares eleita Rainha da Expojipa"},"content":{"rendered":"<p>Wilson Neves &#8211; Beleza, simpatia e carisma da auxiliar administrativa Talita Valadares, renderam a ela o t\u00edtulo de Rainha da 40\u00aa Expojipa. O concurso aconteceu na \u00faltima sexta-feira durante o Baile da Rainha no Espa\u00e7o Partenon, em Ji-Paran\u00e1. Uma iniciativa da Teemps Produ\u00e7\u00f5es e Associa\u00e7\u00e3o Rural de Rond\u00f4nia (ARR). Talita sempre sonhou com esse t\u00edtulo que, por coincid\u00eancia, veio como presente de anivers\u00e1rio. O baile realizado na noite do dia seis, s\u00f3 oficializou o resultado na madrugada do dia sete de setembro, data em que a vencedora completou 19 anos.<\/p>\n<p>\u201cQue noite incr\u00edvel. \u00c9 indescrit\u00edvel a emo\u00e7\u00e3o que estou sentindo. Hoje estou completando 19 anos e, pra mim, esse \u00e9 um presenta\u00e7o de anivers\u00e1rio. S\u00f3 tenho a agradecer a todos que me incentivaram: patrocinadores, amigos e familiares,. N\u00e3o foi f\u00e1cil, foi muito ensaio, l\u00e1grimas, dedica\u00e7\u00e3o e vontade de desistir. Valeu \u00e0 pena persistir e lutar pelo meu sonho,\u201d comemorou Talita Valadares.<\/p>\n<p>Foi uma noite inesquec\u00edvel para todas as candidatas. Dez 10 estavam na disputada do t\u00edtulo mais cobi\u00e7ado do ano: uma vitrine de oportunidades para o mercado publicit\u00e1rio e da moda no Norte do Brasil.<br \/>\nO nervosismo entre elas era inevit\u00e1vel, mas com muita eleg\u00e2ncia, elas desfilaram em traje livre e de gala, tocaram berrante e pinhola e disseram porque, queriam ser rainha da Expojipa. Tudo aos olhares atentos de uma banca julgadora composta por 11 pessoas.<\/p>\n<p>\u201cFoi um desafio que eu confesso que eu n\u00e3o esperava. Foi surpreende, por que as meninas estavam dispostas a ganhar. Tinham talento, simpatia e beleza. Foi bastante desafiador\u201d, declarou Patr\u00edcia G\u00f3es, jornalista.<\/p>\n<p>Foram eleitas duas princesas e madrinha do rodeio da Expojipa. A agente de viagens Amanda Dar\u00f3s foi eleita a Primeira Princesa; a estudante Sayuri Bueno a Segunda Princesa e a estudante Evelyn Santana a Madrinha do Rodeio.<\/p>\n<p>\u201cGra\u00e7as a Deus, miss\u00e3o cumprida. A gente v\u00ea que o resultado foi muito satisfat\u00f3rio. N\u00e3o foi nada f\u00e1cil para banca julgadora, pois todas as meninas s\u00e3o lindas e fizeram dessa noite, algo inesquec\u00edvel. Agrade\u00e7o a todas, que s\u00e3o vitoriosas, e que certamente abrilhantaram nosso evento\u201d, agradeceu Edison da Silva, diretor da Teemps Produ\u00e7\u00f5es.<\/p>\n<p>O baile com casa cheia seguiu at\u00e9 altas horas com a dupla Pedro Lucas e Vin\u00edcius, Polly Velten, Eduardo Soares e Dj Boby. \u201cNoite Maravilhosa. Nossa festa est\u00e1 muito bem representada nesses 40 anos com a escolha dessas quatro jovens nessa Noite. Agora, \u00e9 nos preparar para grande cavalgada no dia 15 de setembro, com concentra\u00e7\u00e3o no Centro da Cidade\u201d, ressaltou S\u00e9rgio Ferreira, presidente da Associa\u00e7\u00e3o Rural de Rond\u00f4nia &#8211; ARR.<\/p>\n<p>FOTOS:<strong> Junior Caju<\/strong><\/p>\n<figure id=\"attachment_24607\" aria-describedby=\"caption-attachment-24607\" style=\"width: 1192px\" class=\"wp-caption alignnone\"><img decoding=\"async\" class=\"wp-image-24607 size-full lazyload\" data-src=\"https:\/\/folhaderondonianews.com\/news\/wp-content\/uploads\/2019\/09\/concorrentes.jpg\" alt=\"\" width=\"1192\" height=\"701\" data-srcset=\"https:\/\/folhaderondonianews.com\/news\/wp-content\/uploads\/2019\/09\/concorrentes.jpg 1192w, https:\/\/folhaderondonianews.com\/news\/wp-content\/uploads\/2019\/09\/concorrentes-300x176.jpg 300w\" data-sizes=\"(max-width: 1192px) 100vw, 1192px\" src=\"data:image\/svg+xml;base64,PHN2ZyB3aWR0aD0iMSIgaGVpZ2h0PSIxIiB4bWxucz0iaHR0cDovL3d3dy53My5vcmcvMjAwMC9zdmciPjwvc3ZnPg==\" style=\"--smush-placeholder-width: 1192px; --smush-placeholder-aspect-ratio: 1192\/701;\" \/><figcaption id=\"caption-attachment-24607\" class=\"wp-caption-text\">Dominique Ferraz &#8211; 17 anos; Ana Victoria Zago &#8211; 16 anos; Beatriz Borba Godois &#8211; 16 anos; Tais Xavier da Silva &#8211; 21 anos; Nayara Evelin Coutinho Nascimento &#8211; 19 anos; P\u00e9tala Rabelo Barcellos &#8211; 18 anos; Katharina Stopazzoli &#8211; 16 anos; Vit\u00f3ria Dias Miranda &#8211; 16 anos; Maria Clara Mioto &#8211; 16 anos; Nathalia Anselmo &#8211; 21 anos.<\/figcaption><\/figure>\n<figure id=\"attachment_24608\" aria-describedby=\"caption-attachment-24608\" style=\"width: 912px\" class=\"wp-caption alignnone\"><img decoding=\"async\" class=\"wp-image-24608 size-full lazyload\" data-src=\"https:\/\/folhaderondonianews.com\/news\/wp-content\/uploads\/2019\/09\/rainha-baile-expojipa-2019.jpg\" alt=\"\" width=\"912\" height=\"620\" data-srcset=\"https:\/\/folhaderondonianews.com\/news\/wp-content\/uploads\/2019\/09\/rainha-baile-expojipa-2019.jpg 912w, https:\/\/folhaderondonianews.com\/news\/wp-content\/uploads\/2019\/09\/rainha-baile-expojipa-2019-300x204.jpg 300w\" data-sizes=\"(max-width: 912px) 100vw, 912px\" src=\"data:image\/svg+xml;base64,PHN2ZyB3aWR0aD0iMSIgaGVpZ2h0PSIxIiB4bWxucz0iaHR0cDovL3d3dy53My5vcmcvMjAwMC9zdmciPjwvc3ZnPg==\" style=\"--smush-placeholder-width: 912px; --smush-placeholder-aspect-ratio: 912\/620;\" \/><figcaption id=\"caption-attachment-24608\" class=\"wp-caption-text\">Dominique Ferraz &#8211; 17 anos; Ana Victoria Zago &#8211; 16 anos; Beatriz Borba Godois &#8211; 16 anos; Tais Xavier da Silva &#8211; 21 anos; Nayara Evelin Coutinho Nascimento &#8211; 19 anos; P\u00e9tala Rabelo Barcellos &#8211; 18 anos; Katharina Stopazzoli &#8211; 16 anos; Vit\u00f3ria Dias Miranda &#8211; 16 anos; Maria Clara Mioto &#8211; 16 anos; Nathalia Anselmo &#8211; 21 anos.<\/figcaption><\/figure>\n<figure id=\"attachment_24603\" aria-describedby=\"caption-attachment-24603\" style=\"width: 640px\" class=\"wp-caption alignnone\"><img decoding=\"async\" class=\"wp-image-24603 size-full lazyload\" data-src=\"https:\/\/folhaderondonianews.com\/news\/wp-content\/uploads\/2019\/09\/Amanda-Dar\u00f3s-Primeira-Princesa.jpg\" alt=\"Amanda Dar\u00f3s eleita a Primeira Princesa\" width=\"640\" height=\"960\" data-srcset=\"https:\/\/folhaderondonianews.com\/news\/wp-content\/uploads\/2019\/09\/Amanda-Dar\u00f3s-Primeira-Princesa.jpg 640w, https:\/\/folhaderondonianews.com\/news\/wp-content\/uploads\/2019\/09\/Amanda-Dar\u00f3s-Primeira-Princesa-200x300.jpg 200w\" data-sizes=\"(max-width: 640px) 100vw, 640px\" src=\"data:image\/svg+xml;base64,PHN2ZyB3aWR0aD0iMSIgaGVpZ2h0PSIxIiB4bWxucz0iaHR0cDovL3d3dy53My5vcmcvMjAwMC9zdmciPjwvc3ZnPg==\" style=\"--smush-placeholder-width: 640px; --smush-placeholder-aspect-ratio: 640\/960;\" \/><figcaption id=\"caption-attachment-24603\" class=\"wp-caption-text\">Amanda Dar\u00f3s eleita a Primeira Princesa<\/figcaption><\/figure>\n<figure id=\"attachment_24605\" aria-describedby=\"caption-attachment-24605\" style=\"width: 640px\" class=\"wp-caption alignnone\"><img decoding=\"async\" class=\"size-full wp-image-24605 lazyload\" data-src=\"https:\/\/folhaderondonianews.com\/news\/wp-content\/uploads\/2019\/09\/Evelyn-Santana-Madrinha-do-Rodeio.jpg\" alt=\"Amanda Dar\u00f3s foi eleita a Primeira Princesa\" width=\"640\" height=\"816\" data-srcset=\"https:\/\/folhaderondonianews.com\/news\/wp-content\/uploads\/2019\/09\/Evelyn-Santana-Madrinha-do-Rodeio.jpg 640w, https:\/\/folhaderondonianews.com\/news\/wp-content\/uploads\/2019\/09\/Evelyn-Santana-Madrinha-do-Rodeio-235x300.jpg 235w\" data-sizes=\"(max-width: 640px) 100vw, 640px\" src=\"data:image\/svg+xml;base64,PHN2ZyB3aWR0aD0iMSIgaGVpZ2h0PSIxIiB4bWxucz0iaHR0cDovL3d3dy53My5vcmcvMjAwMC9zdmciPjwvc3ZnPg==\" style=\"--smush-placeholder-width: 640px; --smush-placeholder-aspect-ratio: 640\/816;\" \/><figcaption id=\"caption-attachment-24605\" class=\"wp-caption-text\">Evelyn Santana, a Madrinha do Rodeio<\/figcaption><\/figure>\n<figure id=\"attachment_24604\" aria-describedby=\"caption-attachment-24604\" style=\"width: 640px\" class=\"wp-caption alignnone\"><img decoding=\"async\" class=\"wp-image-24604 size-full lazyload\" data-src=\"https:\/\/folhaderondonianews.com\/news\/wp-content\/uploads\/2019\/09\/Sayuri-Bueno-Segunda-Princesa-da-Expojipa.jpg\" alt=\" Sayuri Bueno a Segunda Princesa\" width=\"640\" height=\"960\" data-srcset=\"https:\/\/folhaderondonianews.com\/news\/wp-content\/uploads\/2019\/09\/Sayuri-Bueno-Segunda-Princesa-da-Expojipa.jpg 640w, https:\/\/folhaderondonianews.com\/news\/wp-content\/uploads\/2019\/09\/Sayuri-Bueno-Segunda-Princesa-da-Expojipa-200x300.jpg 200w\" data-sizes=\"(max-width: 640px) 100vw, 640px\" src=\"data:image\/svg+xml;base64,PHN2ZyB3aWR0aD0iMSIgaGVpZ2h0PSIxIiB4bWxucz0iaHR0cDovL3d3dy53My5vcmcvMjAwMC9zdmciPjwvc3ZnPg==\" style=\"--smush-placeholder-width: 640px; --smush-placeholder-aspect-ratio: 640\/960;\" \/><figcaption id=\"caption-attachment-24604\" class=\"wp-caption-text\">Sayuri Bueno eleita Segunda Princesa<\/figcaption><\/figure>\n<figure id=\"attachment_24602\" aria-describedby=\"caption-attachment-24602\" style=\"width: 640px\" class=\"wp-caption alignnone\"><img decoding=\"async\" class=\"wp-image-24602 size-full lazyload\" data-src=\"https:\/\/folhaderondonianews.com\/news\/wp-content\/uploads\/2019\/09\/Talita-Valadares-Rainha-da-Expojipa-2019-a.jpg\" alt=\"Talita Valadares eleita Rainha da Expojipa\" width=\"640\" height=\"960\" data-srcset=\"https:\/\/folhaderondonianews.com\/news\/wp-content\/uploads\/2019\/09\/Talita-Valadares-Rainha-da-Expojipa-2019-a.jpg 640w, https:\/\/folhaderondonianews.com\/news\/wp-content\/uploads\/2019\/09\/Talita-Valadares-Rainha-da-Expojipa-2019-a-200x300.jpg 200w\" data-sizes=\"(max-width: 640px) 100vw, 640px\" src=\"data:image\/svg+xml;base64,PHN2ZyB3aWR0aD0iMSIgaGVpZ2h0PSIxIiB4bWxucz0iaHR0cDovL3d3dy53My5vcmcvMjAwMC9zdmciPjwvc3ZnPg==\" style=\"--smush-placeholder-width: 640px; --smush-placeholder-aspect-ratio: 640\/960;\" \/><figcaption id=\"caption-attachment-24602\" class=\"wp-caption-text\">Talita Valadares eleita Rainha da Expojipa 2019<\/figcaption><\/figure>\n<p><img decoding=\"async\" class=\"alignnone size-full wp-image-24601 lazyload\" data-src=\"https:\/\/folhaderondonianews.com\/news\/wp-content\/uploads\/2019\/09\/Talita-Valadares-Rainha-da-Expojipa-2019.jpg\" alt=\"\" width=\"640\" height=\"871\" data-srcset=\"https:\/\/folhaderondonianews.com\/news\/wp-content\/uploads\/2019\/09\/Talita-Valadares-Rainha-da-Expojipa-2019.jpg 640w, https:\/\/folhaderondonianews.com\/news\/wp-content\/uploads\/2019\/09\/Talita-Valadares-Rainha-da-Expojipa-2019-220x300.jpg 220w\" data-sizes=\"(max-width: 640px) 100vw, 640px\" src=\"data:image\/svg+xml;base64,PHN2ZyB3aWR0aD0iMSIgaGVpZ2h0PSIxIiB4bWxucz0iaHR0cDovL3d3dy53My5vcmcvMjAwMC9zdmciPjwvc3ZnPg==\" style=\"--smush-placeholder-width: 640px; --smush-placeholder-aspect-ratio: 640\/871;\" \/><\/p>\n<figure id=\"attachment_24609\" aria-describedby=\"caption-attachment-24609\" style=\"width: 987px\" class=\"wp-caption alignnone\"><img decoding=\"async\" class=\"wp-image-24609 size-full lazyload\" data-src=\"https:\/\/folhaderondonianews.com\/news\/wp-content\/uploads\/2019\/09\/expojipa-2019-baile.jpg\" alt=\"\" width=\"987\" height=\"633\" data-srcset=\"https:\/\/folhaderondonianews.com\/news\/wp-content\/uploads\/2019\/09\/expojipa-2019-baile.jpg 987w, https:\/\/folhaderondonianews.com\/news\/wp-content\/uploads\/2019\/09\/expojipa-2019-baile-300x192.jpg 300w\" data-sizes=\"(max-width: 987px) 100vw, 987px\" src=\"data:image\/svg+xml;base64,PHN2ZyB3aWR0aD0iMSIgaGVpZ2h0PSIxIiB4bWxucz0iaHR0cDovL3d3dy53My5vcmcvMjAwMC9zdmciPjwvc3ZnPg==\" style=\"--smush-placeholder-width: 987px; --smush-placeholder-aspect-ratio: 987\/633;\" \/><figcaption id=\"caption-attachment-24609\" class=\"wp-caption-text\">Dominique Ferraz &#8211; 17 anos; Ana Victoria Zago &#8211; 16 anos; Beatriz Borba Godois &#8211; 16 anos; Tais Xavier da Silva &#8211; 21 anos; Nayara Evelin Coutinho Nascimento &#8211; 19 anos; P\u00e9tala Rabelo Barcellos &#8211; 18 anos; Katharina Stopazzoli &#8211; 16 anos; Vit\u00f3ria Dias Miranda &#8211; 16 anos; Maria Clara Mioto &#8211; 16 anos; Nathalia Anselmo &#8211; 21 anos.<\/figcaption><\/figure>\n<p><img decoding=\"async\" class=\"alignnone size-full wp-image-24610 lazyload\" data-src=\"https:\/\/folhaderondonianews.com\/news\/wp-content\/uploads\/2019\/09\/expojipa-eleitas.jpg\" alt=\"\" width=\"640\" height=\"427\" data-srcset=\"https:\/\/folhaderondonianews.com\/news\/wp-content\/uploads\/2019\/09\/expojipa-eleitas.jpg 640w, https:\/\/folhaderondonianews.com\/news\/wp-content\/uploads\/2019\/09\/expojipa-eleitas-300x200.jpg 300w\" data-sizes=\"(max-width: 640px) 100vw, 640px\" src=\"data:image\/svg+xml;base64,PHN2ZyB3aWR0aD0iMSIgaGVpZ2h0PSIxIiB4bWxucz0iaHR0cDovL3d3dy53My5vcmcvMjAwMC9zdmciPjwvc3ZnPg==\" style=\"--smush-placeholder-width: 640px; --smush-placeholder-aspect-ratio: 640\/427;\" \/><\/p>\n<p>&nbsp;<\/p>\n<p><img decoding=\"async\" class=\"alignnone size-full wp-image-24611 lazyload\" data-src=\"https:\/\/folhaderondonianews.com\/news\/wp-content\/uploads\/2019\/09\/expojipa-baile-2019.jpg\" alt=\"\" width=\"640\" height=\"357\" data-srcset=\"https:\/\/folhaderondonianews.com\/news\/wp-content\/uploads\/2019\/09\/expojipa-baile-2019.jpg 640w, https:\/\/folhaderondonianews.com\/news\/wp-content\/uploads\/2019\/09\/expojipa-baile-2019-300x167.jpg 300w\" data-sizes=\"(max-width: 640px) 100vw, 640px\" src=\"data:image\/svg+xml;base64,PHN2ZyB3aWR0aD0iMSIgaGVpZ2h0PSIxIiB4bWxucz0iaHR0cDovL3d3dy53My5vcmcvMjAwMC9zdmciPjwvc3ZnPg==\" style=\"--smush-placeholder-width: 640px; --smush-placeholder-aspect-ratio: 640\/357;\" \/><\/p>\n","protected":false},"excerpt":{"rendered":"<div class=\"mh-excerpt\"><p>O concurso aconteceu na \u00faltima sexta-feira durante o Baile da Rainha no Espa\u00e7o Partenon, em Ji-Paran\u00e1.<\/p>\n<\/div>","protected":false},"author":1,"featured_media":24606,"comment_status":"open","ping_status":"closed","sticky":false,"template":"","format":"standard","meta":{"footnotes":""},"categories":[5],"tags":[5373],"class_list":["post-24600","post","type-post","status-publish","format-standard","has-post-thumbnail","hentry","category-brasil","tag-rainha-da-expojipa-2019"],"_links":{"self":[{"href":"https:\/\/folhaderondonianews.com\/news\/wp-json\/wp\/v2\/posts\/24600","targetHints":{"allow":["GET"]}}],"collection":[{"href":"https:\/\/folhaderondonianews.com\/news\/wp-json\/wp\/v2\/posts"}],"about":[{"href":"https:\/\/folhaderondonianews.com\/news\/wp-json\/wp\/v2\/types\/post"}],"author":[{"embeddable":true,"href":"https:\/\/folhaderondonianews.com\/news\/wp-json\/wp\/v2\/users\/1"}],"replies":[{"embeddable":true,"href":"https:\/\/folhaderondonianews.com\/news\/wp-json\/wp\/v2\/comments?post=24600"}],"version-history":[{"count":0,"href":"https:\/\/folhaderondonianews.com\/news\/wp-json\/wp\/v2\/posts\/24600\/revisions"}],"wp:featuredmedia":[{"embeddable":true,"href":"https:\/\/folhaderondonianews.com\/news\/wp-json\/wp\/v2\/media\/24606"}],"wp:attachment":[{"href":"https:\/\/folhaderondonianews.com\/news\/wp-json\/wp\/v2\/media?parent=24600"}],"wp:term":[{"taxonomy":"category","embeddable":true,"href":"https:\/\/folhaderondonianews.com\/news\/wp-json\/wp\/v2\/categories?post=24600"},{"taxonomy":"post_tag","embeddable":true,"href":"https:\/\/folhaderondonianews.com\/news\/wp-json\/wp\/v2\/tags?post=24600"}],"curies":[{"name":"wp","href":"https:\/\/api.w.org\/{rel}","templated":true}]}}