{"id":25363,"date":"2019-09-27T20:06:41","date_gmt":"2019-09-28T00:06:41","guid":{"rendered":"http:\/\/folhaderondonianews.com\/news\/?p=25363"},"modified":"2019-09-27T20:07:35","modified_gmt":"2019-09-28T00:07:35","slug":"ozononioterapia-entenda-como-e-feito-o-tratamento-e-as-lacunas-em-sua-regulamentacao","status":"publish","type":"post","link":"https:\/\/folhaderondonianews.com\/news\/2019\/09\/27\/ozononioterapia-entenda-como-e-feito-o-tratamento-e-as-lacunas-em-sua-regulamentacao\/","title":{"rendered":"Ozononioterapia: entenda como \u00e9 feito o tratamento e as lacunas em sua regulamenta\u00e7\u00e3o"},"content":{"rendered":"<p>A <strong>ozonioterapia<\/strong> consiste no uso do <strong>oz\u00f4nio<\/strong> medicinal, uma mistura dos gases oz\u00f4nio e oxig\u00eanio. A t\u00e9cnica \u00e9 complementar a <strong>tratamentos<\/strong> de doen\u00e7as como o c\u00e2ncer, dores e inflama\u00e7\u00f5es cr\u00f4nicas, infec\u00e7\u00f5es variadas, al\u00e9m de feridas, queimaduras e problemas vasculares que levam \u00e0 redu\u00e7\u00e3o do fluxo sangu\u00edneo.<\/p>\n<p>Desde o s\u00e9culo XIX, a Ozonioterapia m\u00e9dica era usada na Alemanha, inicialmente para combater a a\u00e7\u00e3o de bact\u00e9rias e germes na pele humana. Seu uso como <strong>tratamento<\/strong> come\u00e7ou durante a 1\u00aa Guerra Mundial, quando m\u00e9dicos alem\u00e3es e ingleses utilizaram o <strong>oz\u00f4nio<\/strong> para <strong>tratamento<\/strong> de feridas em soldados. Os resultados foram publicados na revista cient\u00edfica The Lancet, em 1916 e 1917.<\/p>\n<p>A aplica\u00e7\u00e3o via retal ou vaginal \u00e9 feita com uma seringa adaptada. J\u00e1 as inje\u00e7\u00f5es locais, com agulha, podem ser intramusculares, em articula\u00e7\u00f5es ou diretamente na bexiga. O <strong>tratamento<\/strong> tamb\u00e9m pode ser feito pela ingest\u00e3o de \u00e1gua ozonizada ou pela aplica\u00e7\u00e3o de \u00f3leo ozonizado na pele, conforme recomenda\u00e7\u00e3o m\u00e9dica.<\/p>\n<p>Em mar\u00e7o de 2018, o Minist\u00e9rio da Sa\u00fade anunciou a inclus\u00e3o da <strong>ozonioterapia<\/strong> \u00e0 lista de Pr\u00e1ticas Integrativas e Complementares do Sistema \u00danico de Sa\u00fade.<\/p>\n<p>Segundo o Conselho Federal de Medicina, no entanto, a pr\u00e1tica \u00e9 aceita exclusivamente como experimental. Ou seja, quem recebe o <strong>tratamento<\/strong> n\u00e3o deve ser cobrado pelo mesmo e isso s\u00f3 pode ser feito como parte de uma pesquisa cient\u00edfica ligada a alguma universidade ou centro de pesquisa.<\/p>\n<p>Podem oferecer o <strong>tratamento<\/strong> m\u00e9dicos ligados a linhas de pesquisa, odontologistas, enfermeiros e fisioterapeutas.<\/p>\n<p>\u2014 A <strong>ozonioterapia<\/strong> precisa ser regulamentada para que o CFM possa fiscalizar e evitar casos de charlatanismo e abuso. \u2014 Afirma o presidente da Associa\u00e7\u00e3o Brasileira de <strong>Ozonioterapia<\/strong> (Aboz), Arnoldo de Souza.<\/p>\n<p>&nbsp;<\/p>\n","protected":false},"excerpt":{"rendered":"<div class=\"mh-excerpt\"><p>A t\u00e9cnica \u00e9 complementar a tratamentos de doen\u00e7as como o c\u00e2ncer, dores e inflama\u00e7\u00f5es cr\u00f4nicas, infec\u00e7\u00f5es variadas, al\u00e9m de feridas, queimaduras e problemas vasculares que levam \u00e0 redu\u00e7\u00e3o do fluxo sangu\u00edneo.<\/p>\n<\/div>","protected":false},"author":1,"featured_media":25364,"comment_status":"open","ping_status":"closed","sticky":false,"template":"","format":"standard","meta":{"footnotes":""},"categories":[5],"tags":[5582,5581],"class_list":["post-25363","post","type-post","status-publish","format-standard","has-post-thumbnail","hentry","category-brasil","tag-ozonio","tag-ozonioteraia"],"_links":{"self":[{"href":"https:\/\/folhaderondonianews.com\/news\/wp-json\/wp\/v2\/posts\/25363","targetHints":{"allow":["GET"]}}],"collection":[{"href":"https:\/\/folhaderondonianews.com\/news\/wp-json\/wp\/v2\/posts"}],"about":[{"href":"https:\/\/folhaderondonianews.com\/news\/wp-json\/wp\/v2\/types\/post"}],"author":[{"embeddable":true,"href":"https:\/\/folhaderondonianews.com\/news\/wp-json\/wp\/v2\/users\/1"}],"replies":[{"embeddable":true,"href":"https:\/\/folhaderondonianews.com\/news\/wp-json\/wp\/v2\/comments?post=25363"}],"version-history":[{"count":0,"href":"https:\/\/folhaderondonianews.com\/news\/wp-json\/wp\/v2\/posts\/25363\/revisions"}],"wp:featuredmedia":[{"embeddable":true,"href":"https:\/\/folhaderondonianews.com\/news\/wp-json\/wp\/v2\/media\/25364"}],"wp:attachment":[{"href":"https:\/\/folhaderondonianews.com\/news\/wp-json\/wp\/v2\/media?parent=25363"}],"wp:term":[{"taxonomy":"category","embeddable":true,"href":"https:\/\/folhaderondonianews.com\/news\/wp-json\/wp\/v2\/categories?post=25363"},{"taxonomy":"post_tag","embeddable":true,"href":"https:\/\/folhaderondonianews.com\/news\/wp-json\/wp\/v2\/tags?post=25363"}],"curies":[{"name":"wp","href":"https:\/\/api.w.org\/{rel}","templated":true}]}}