{"id":25436,"date":"2019-09-30T08:43:21","date_gmt":"2019-09-30T12:43:21","guid":{"rendered":"http:\/\/folhaderondonianews.com\/news\/?p=25436"},"modified":"2019-09-30T17:28:50","modified_gmt":"2019-09-30T21:28:50","slug":"rondonia-tera-de-qualificar-56-mil-trabalhadores-em-profissoes-industriais-ate-2023","status":"publish","type":"post","link":"https:\/\/folhaderondonianews.com\/news\/2019\/09\/30\/rondonia-tera-de-qualificar-56-mil-trabalhadores-em-profissoes-industriais-ate-2023\/","title":{"rendered":"Rond\u00f4nia ter\u00e1 de qualificar 56 mil trabalhadores em profiss\u00f5es industriais at\u00e9 2023"},"content":{"rendered":"<p>O estado de Rond\u00f4nia ter\u00e1 de qualificar 56.621 trabalhadores em ocupa\u00e7\u00f5es industriais nos n\u00edveis superior, t\u00e9cnico, qualifica\u00e7\u00e3o e aperfei\u00e7oamento entre 2019 e 2023. Os dados s\u00e3o do Mapa do Trabalho Industrial, elaborado pelo Servi\u00e7o Nacional de Aprendizagem Industrial (SENAI) e divulgado nesta segunda-feira (30).<\/p>\n<p>Segundo o gerente de educa\u00e7\u00e3o do SESI, SENAI e IEL em Rond\u00f4nia, Jair Santiago, os setores que mais v\u00e3o demandar m\u00e3o de obra qualificada no estado s\u00e3o os de energia e metalmec\u00e2nica e, em menor propor\u00e7\u00e3o, a agroind\u00fastria. Para se ter ideia, o estado conta com 14 milh\u00f5es de cabe\u00e7as de gado e exporta carne bovina para 50 pa\u00edses.<\/p>\n<p>Santiago explica que a expans\u00e3o do setor de prote\u00edna animal \u00e9 um dos motivos para que os jovens rondonienses escolham fazer um curso t\u00e9cnico, j\u00e1 que aumenta as chances de entrar no mercado de trabalho.<\/p>\n<p>\u201cO SENAI est\u00e1 fazendo um investimento muito grande para modernizar laborat\u00f3rios na \u00e1rea de refrigera\u00e7\u00e3o, um setor muito grande aqui, para atender tamb\u00e9m o setor de alimentos. Outro potencial que tem aqui mas ainda n\u00e3o \u00e9 muito explorado \u00e9 o de cer\u00e2mica vermelha (tijolos e telhas). A principal demanda, entretanto, \u00e9 na \u00e1rea de eletrot\u00e9cnica\u201d, apontou.<\/p>\n<p><strong>Metalmec\u00e2nica<\/strong><\/p>\n<p>O setor de metalmec\u00e2nica precisar\u00e1, segundo estudo do SENAI, qualificar 763 novos profissionais nos pr\u00f3ximos quatro anos no estado. A ocupa\u00e7\u00e3o de ferramenteiro \u00e9 uma das mais importantes no processo de produ\u00e7\u00e3o da Ciclo Cairu, empresa local que fabrica e comercializa pe\u00e7as de bicicletas para os demais estados.<\/p>\n<p>Um dos funcion\u00e1rios da empresa, Leandro Santos j\u00e1 passou por diversos cursos t\u00e9cnicos e profissionais pelo SENAI. Para ele, a entrada no mercado de trabalho depende de um curr\u00edculo qualificado.<\/p>\n<p>\u201cO curso profissional hoje \u00e9 muito importante para trabalhar na ind\u00fastria ou em qualquer outra \u00e1rea que voc\u00ea for ingressar. Hoje, as empresas cobram muito conhecimento. A quest\u00e3o n\u00e3o \u00e9 s\u00f3 voc\u00ea ter for\u00e7a de vontade para trabalhar, ser esfor\u00e7ado. Apesar de isso contar muito, \u00e9 necess\u00e1rio tamb\u00e9m estar apto tecnicamente\u201d, contou.<\/p>\n<p>Como forma de mudar a realidade de milh\u00f5es de brasileiros que est\u00e3o desempregados, a sa\u00edda, na avalia\u00e7\u00e3o do deputado federal L\u00e9o Moraes (PODE-RO), \u00e9 ampliar a oferta de vagas de forma\u00e7\u00e3o t\u00e9cnica e profissional, destinadas principalmente aos mais jovens.<\/p>\n<p>\u201cCada vez mais o mercado se afunila e exige preparo dos ingressantes. Por conta disso, os cursos t\u00e9cnicos preparat\u00f3rios, assim como institutos federais, s\u00e3o muito importantes para que a gente encontre alternativas de capacitar nossos adolescentes e jovens. Muito se fala em desemprego, mas n\u00e3o se fala na mesma intensidade em capacita\u00e7\u00e3o\u201d, ressaltou o parlamentar.<\/p>\n<p><strong>Qualifica\u00e7\u00e3o profissional<\/strong><\/p>\n<p>O Mapa do Trabalho Industrial mostra que entre as ocupa\u00e7\u00f5es que exigem cursos de qualifica\u00e7\u00e3o e que mais v\u00e3o demandar profissionais capacitados, est\u00e3o as de mec\u00e2nicos de manuten\u00e7\u00e3o de ve\u00edculos automotores (1.575) e instaladores e reparadores de linhas e cabos el\u00e9tricos, telef\u00f4nicos e de comunica\u00e7\u00e3o de dados (825).<\/p>\n<p>Ag\u00eancia R\u00e1dio<\/p>\n<p>[su_youtube url=&#8221;https:\/\/www.youtube.com\/watch?v=KadgFgGh-ms&#8221;]<\/p>\n","protected":false},"excerpt":{"rendered":"<div class=\"mh-excerpt\"><p>Segundo Mapa do Trabalho Industrial, do SENAI, \u00e1reas de energia e metalmec\u00e2nica demandar\u00e3o t\u00e9cnicos capacitados em quatro anos.<\/p>\n<\/div>","protected":false},"author":1,"featured_media":25437,"comment_status":"open","ping_status":"closed","sticky":false,"template":"","format":"standard","meta":{"footnotes":""},"categories":[5],"tags":[],"class_list":["post-25436","post","type-post","status-publish","format-standard","has-post-thumbnail","hentry","category-brasil"],"_links":{"self":[{"href":"https:\/\/folhaderondonianews.com\/news\/wp-json\/wp\/v2\/posts\/25436","targetHints":{"allow":["GET"]}}],"collection":[{"href":"https:\/\/folhaderondonianews.com\/news\/wp-json\/wp\/v2\/posts"}],"about":[{"href":"https:\/\/folhaderondonianews.com\/news\/wp-json\/wp\/v2\/types\/post"}],"author":[{"embeddable":true,"href":"https:\/\/folhaderondonianews.com\/news\/wp-json\/wp\/v2\/users\/1"}],"replies":[{"embeddable":true,"href":"https:\/\/folhaderondonianews.com\/news\/wp-json\/wp\/v2\/comments?post=25436"}],"version-history":[{"count":0,"href":"https:\/\/folhaderondonianews.com\/news\/wp-json\/wp\/v2\/posts\/25436\/revisions"}],"wp:featuredmedia":[{"embeddable":true,"href":"https:\/\/folhaderondonianews.com\/news\/wp-json\/wp\/v2\/media\/25437"}],"wp:attachment":[{"href":"https:\/\/folhaderondonianews.com\/news\/wp-json\/wp\/v2\/media?parent=25436"}],"wp:term":[{"taxonomy":"category","embeddable":true,"href":"https:\/\/folhaderondonianews.com\/news\/wp-json\/wp\/v2\/categories?post=25436"},{"taxonomy":"post_tag","embeddable":true,"href":"https:\/\/folhaderondonianews.com\/news\/wp-json\/wp\/v2\/tags?post=25436"}],"curies":[{"name":"wp","href":"https:\/\/api.w.org\/{rel}","templated":true}]}}