{"id":25439,"date":"2019-09-30T08:57:29","date_gmt":"2019-09-30T12:57:29","guid":{"rendered":"http:\/\/folhaderondonianews.com\/news\/?p=25439"},"modified":"2019-09-30T08:57:29","modified_gmt":"2019-09-30T12:57:29","slug":"justica-federal-proibia-apagoes-em-rondonia-e-volta-atras-por-causa-do-mp","status":"publish","type":"post","link":"https:\/\/folhaderondonianews.com\/news\/2019\/09\/30\/justica-federal-proibia-apagoes-em-rondonia-e-volta-atras-por-causa-do-mp\/","title":{"rendered":"Justi\u00e7a Federal proibia apag\u00f5es em Rond\u00f4nia, e volta atr\u00e1s por causa do MP"},"content":{"rendered":"<p>A <strong>A\u00e7\u00e3o Civil P\u00fablica,<\/strong> autuada sob o n. 0011930-44.2015.4.01.4100, alegou que a sociedade rondoniense vem sofrendo in\u00fameros transtornos em virtude de oscila\u00e7\u00f5es, interrup\u00e7\u00f5es e quedas repetidas de energia el\u00e9trica.<\/p>\n<p>Disse ainda que os servi\u00e7os n\u00e3o estavam sendo prestados de modo eficiente, adequado, cont\u00ednuo e seguro. Foram anexados documentos que comprovaram n\u00e3o apenas as situa\u00e7\u00f5es acima descritas, mas como tamb\u00e9m o despreparo da empresa concession\u00e1ria dos servi\u00e7os para lidar com as situa\u00e7\u00f5es de emerg\u00eancia.<\/p>\n<p>Dentre os pedidos da ACP est\u00e1 o pagamento de indeniza\u00e7\u00e3o por danos materiais \u2013 a serem apurados em fase de liquida\u00e7\u00e3o \u2013 em virtude de preju\u00edzos sofridos pelos cidad\u00e3os diante das quedas repentinas; o dano moral coletivo em decorr\u00eancia das pr\u00e1ticas abusivas contr\u00e1rias ao C\u00f3digo de Defesa do Consumidor; e em car\u00e1ter de urg\u00eancia, a manuten\u00e7\u00e3o do adequado fornecimento de energia el\u00e9trica, sem interrup\u00e7\u00e3o, oscila\u00e7\u00e3o e apag\u00f5es.<\/p>\n<p><em>LIMINAR FOI DERRUBADA DEPOIS DE MP DIZER QUE O SERVI\u00c7O ESTAVA REGULAR<\/em><\/p>\n<p>A Liminar foi concedida pela Ju\u00edza Federal, La\u00eds Durval, que naquela oportunidade entendeu que Rond\u00f4nia vinha sofrendo uma s\u00e9rie de les\u00f5es em virtude da conduta desidiosa apresentada pela empresa no fornecimento de um servi\u00e7o p\u00fablico que a Lei considera essencial para a popula\u00e7\u00e3o.<\/p>\n<p>Mesmo tendo demorado 703 (setecentos e tr\u00eas) dias para a sua concess\u00e3o, a Liminar permaneceu vigente por dois anos, at\u00e9 a audi\u00eancia do dia 21\/08\/2019, quando o Minist\u00e9rio P\u00fablico, Estadual e Federal, alegou a perda do objeto da a\u00e7\u00e3o j\u00e1 que, segundo os fiscais da lei, os servi\u00e7os de fornecimento de energia encontravam-se regular.<\/p>\n<p><em>PEDIDO DE RESTABELECIMENTO\u00a0FOI PROTOCOLADO HOJE<\/em><\/p>\n<p>O Advogado <strong>Gabriel Tomasete,<\/strong> protocolou hoje uma peti\u00e7\u00e3o judicial onde requereu o pronto restabelecimento da liminar para que os cortes repentinos e sem pr\u00e9via comunica\u00e7\u00e3o fossem proibidos, al\u00e9m de ter recordado o necess\u00e1rio dever de informa\u00e7\u00e3o \u00e0 sociedade consumidora.<\/p>\n<p>Na peti\u00e7\u00e3o, o advogado relacionou as in\u00fameras not\u00edcias que veicularam os eventos de apag\u00e3o geral ocorrido nos \u00faltimos dias, al\u00e9m de ter anexado tamb\u00e9m outros epis\u00f3dios mais antigos com o intuito de demonstrar que a empresa manteve sua postura de negligencia para com a popula\u00e7\u00e3o.<\/p>\n<p>Cabe agora \u00e0 Justi\u00e7a Federal apreciar o pedido para entender que o fornecimento desse servi\u00e7o p\u00fablico essencial, nem de longe se encontra regular.<\/p>\n<p>https:\/\/folhaderondonianews.com\/news\/wp-content\/uploads\/2019\/09\/liminar-energia-MP.pdf<\/p>\n<p><iframe title=\"Speed Travel\" width=\"500\" height=\"281\" data-src=\"https:\/\/www.youtube.com\/embed\/KadgFgGh-ms?feature=oembed\" frameborder=\"0\" allow=\"accelerometer; autoplay; clipboard-write; encrypted-media; gyroscope; picture-in-picture; web-share\" referrerpolicy=\"strict-origin-when-cross-origin\" allowfullscreen src=\"data:image\/svg+xml;base64,PHN2ZyB3aWR0aD0iMSIgaGVpZ2h0PSIxIiB4bWxucz0iaHR0cDovL3d3dy53My5vcmcvMjAwMC9zdmciPjwvc3ZnPg==\" class=\"lazyload\" data-load-mode=\"1\"><\/iframe><\/p>\n","protected":false},"excerpt":{"rendered":"<div class=\"mh-excerpt\"><p>LIMINAR FOI DERRUBADA DEPOIS DE O MP DIZER QUE O SERVI\u00c7O ESTAVA REGULAR.<\/p>\n<\/div>","protected":false},"author":1,"featured_media":25441,"comment_status":"open","ping_status":"closed","sticky":false,"template":"","format":"standard","meta":{"footnotes":""},"categories":[5],"tags":[5605,5604],"class_list":["post-25439","post","type-post","status-publish","format-standard","has-post-thumbnail","hentry","category-brasil","tag-acao-civil-publica","tag-gabriel-tomasete"],"_links":{"self":[{"href":"https:\/\/folhaderondonianews.com\/news\/wp-json\/wp\/v2\/posts\/25439","targetHints":{"allow":["GET"]}}],"collection":[{"href":"https:\/\/folhaderondonianews.com\/news\/wp-json\/wp\/v2\/posts"}],"about":[{"href":"https:\/\/folhaderondonianews.com\/news\/wp-json\/wp\/v2\/types\/post"}],"author":[{"embeddable":true,"href":"https:\/\/folhaderondonianews.com\/news\/wp-json\/wp\/v2\/users\/1"}],"replies":[{"embeddable":true,"href":"https:\/\/folhaderondonianews.com\/news\/wp-json\/wp\/v2\/comments?post=25439"}],"version-history":[{"count":0,"href":"https:\/\/folhaderondonianews.com\/news\/wp-json\/wp\/v2\/posts\/25439\/revisions"}],"wp:featuredmedia":[{"embeddable":true,"href":"https:\/\/folhaderondonianews.com\/news\/wp-json\/wp\/v2\/media\/25441"}],"wp:attachment":[{"href":"https:\/\/folhaderondonianews.com\/news\/wp-json\/wp\/v2\/media?parent=25439"}],"wp:term":[{"taxonomy":"category","embeddable":true,"href":"https:\/\/folhaderondonianews.com\/news\/wp-json\/wp\/v2\/categories?post=25439"},{"taxonomy":"post_tag","embeddable":true,"href":"https:\/\/folhaderondonianews.com\/news\/wp-json\/wp\/v2\/tags?post=25439"}],"curies":[{"name":"wp","href":"https:\/\/api.w.org\/{rel}","templated":true}]}}