{"id":25748,"date":"2019-10-09T09:36:28","date_gmt":"2019-10-09T13:36:28","guid":{"rendered":"http:\/\/folhaderondonianews.com\/news\/?p=25748"},"modified":"2019-10-09T09:45:00","modified_gmt":"2019-10-09T13:45:00","slug":"agroindustrias-e-artesanato-se-destacam-na-expovarejo","status":"publish","type":"post","link":"https:\/\/folhaderondonianews.com\/news\/2019\/10\/09\/agroindustrias-e-artesanato-se-destacam-na-expovarejo\/","title":{"rendered":"Agroind\u00fastrias e artesanato se destacam na ExpoVarejo"},"content":{"rendered":"<p>Baseada em um modelo de neg\u00f3cios que une empres\u00e1rios, atra\u00e7\u00f5es culturais, agroind\u00fastrias e artesanato, a <strong>ExpoVarejo<\/strong> se consolida como um dos principais eventos de venda direta de produtos de Rond\u00f4nia. Al\u00e9m disso, se torna num ambiente favor\u00e1vel aos donos de pequenos empreendimentos. O Sebrae em Rond\u00f4nia esteve presente no evento apoiando a iniciativa e estimulando a gera\u00e7\u00e3o de neg\u00f3cios. A feira foi realizada no \u00faltimo fim de semana em Ariquemes (de 3 a 5) e os organizadores estimam que os 60 expositores faturaram algo em torno de R$ 1,5 milh\u00e3o.<\/p>\n<p>Nesta edi\u00e7\u00e3o da <strong>ExpoVarejo<\/strong>, 14 agroind\u00fastrias levaram seus produtos e venderam praticamente todo estoque. Doces, queijos, licores, iogurtes, embutidos e uma infinidade de produtos puderam ser degustados pelos visitantes.<\/p>\n<p>O agricultor\u00a0Jos\u00e9\u00a0Duque\u00a0de Oliveira e sua esposa Emili Carmilita de Oliveira, ambos trabalham com a produ\u00e7\u00e3o de\u00a0iogurte e fizeram bons neg\u00f3cios na feira. \u201cEventos como este tornam nosso produto conhecido e a gente sempre faz bons neg\u00f3cios\u201d, destaca Duque.<\/p>\n<p>Outro setor bastante visitado na <strong>ExpoVarejo<\/strong> foi a \u00e1rea do artesanato. \u201cA gente busca a valoriza\u00e7\u00e3o do nosso trabalho e em feiras como a <strong>ExpoVarejo<\/strong> conseguimos ter destaque, pois s\u00e3o muitas pessoas que v\u00eam para o evento e acabam conhecendo um pouco mais da nossa arte\u201d, destaca Jane Carvalho, que customiza bon\u00e9s com bordados e aplica\u00e7\u00e3o de adere\u00e7os.<\/p>\n<p>Para o Sebrae, a <strong>ExpoVarejo<\/strong> \u00e9 sin\u00f4nimo de oportunidades. \u201cAqui colocamos frente a frente consumidores e empresas. Cada empres\u00e1rio, dono de agroind\u00fastria ou artes\u00e3o aproveita da melhor forma essa din\u00e2mica\u201d, acrescenta o diretor superintendente do Sebrae em Rond\u00f4nia Daniel Pereira.<\/p>\n<p><img decoding=\"async\" class=\"alignnone size-full wp-image-25752 lazyload\" data-src=\"https:\/\/folhaderondonianews.com\/news\/wp-content\/uploads\/2019\/10\/expovarejo-Daniel-Pereira.jpg\" alt=\"\" width=\"640\" height=\"427\" data-srcset=\"https:\/\/folhaderondonianews.com\/news\/wp-content\/uploads\/2019\/10\/expovarejo-Daniel-Pereira.jpg 640w, https:\/\/folhaderondonianews.com\/news\/wp-content\/uploads\/2019\/10\/expovarejo-Daniel-Pereira-300x200.jpg 300w\" data-sizes=\"(max-width: 640px) 100vw, 640px\" src=\"data:image\/svg+xml;base64,PHN2ZyB3aWR0aD0iMSIgaGVpZ2h0PSIxIiB4bWxucz0iaHR0cDovL3d3dy53My5vcmcvMjAwMC9zdmciPjwvc3ZnPg==\" style=\"--smush-placeholder-width: 640px; --smush-placeholder-aspect-ratio: 640\/427;\" \/><\/p>\n<p>O presidente da Associa\u00e7\u00e3o Comercial e Industrial de Ariquemes (ACIA), Francisco Hidalgo Farina, lembra que esta \u00e9poca do ano \u00e9 de renova\u00e7\u00e3o de estoques para muitos lojistas. \u201cAs lojas de confec\u00e7\u00f5es e cal\u00e7ados aproveitam para vender produtos que est\u00e3o em seus estoques, e, com esses recursos, acabam adquirindo novos produtos e renovando suas expectativas para o fim de ano\u201d, lembra.<\/p>\n<p>&nbsp;<\/p>\n<p>&nbsp;<\/p>\n<p><img decoding=\"async\" class=\"alignnone size-full wp-image-25616 lazyload\" data-src=\"https:\/\/folhaderondonianews.com\/news\/wp-content\/uploads\/2019\/10\/rondobras01.jpg\" data-sizes=\"(max-width: 640px) 100vw, 640px\" data-srcset=\"https:\/\/folhaderondonianews.com\/news\/wp-content\/uploads\/2019\/10\/rondobras01.jpg 640w, https:\/\/folhaderondonianews.com\/news\/wp-content\/uploads\/2019\/10\/rondobras01-150x150.jpg 150w, https:\/\/folhaderondonianews.com\/news\/wp-content\/uploads\/2019\/10\/rondobras01-300x300.jpg 300w\" alt=\"\" width=\"640\" height=\"640\" src=\"data:image\/svg+xml;base64,PHN2ZyB3aWR0aD0iMSIgaGVpZ2h0PSIxIiB4bWxucz0iaHR0cDovL3d3dy53My5vcmcvMjAwMC9zdmciPjwvc3ZnPg==\" style=\"--smush-placeholder-width: 640px; --smush-placeholder-aspect-ratio: 640\/640;\" \/><img decoding=\"async\" class=\"alignnone size-full wp-image-25569 lazyload\" data-src=\"https:\/\/folhaderondonianews.com\/news\/wp-content\/uploads\/2019\/10\/recopa.jpg\" data-sizes=\"(max-width: 800px) 100vw, 800px\" data-srcset=\"https:\/\/folhaderondonianews.com\/news\/wp-content\/uploads\/2019\/10\/recopa.jpg 800w, https:\/\/folhaderondonianews.com\/news\/wp-content\/uploads\/2019\/10\/recopa-300x111.jpg 300w\" alt=\"\" width=\"800\" height=\"296\" src=\"data:image\/svg+xml;base64,PHN2ZyB3aWR0aD0iMSIgaGVpZ2h0PSIxIiB4bWxucz0iaHR0cDovL3d3dy53My5vcmcvMjAwMC9zdmciPjwvc3ZnPg==\" style=\"--smush-placeholder-width: 800px; --smush-placeholder-aspect-ratio: 800\/296;\" \/><\/p>\n<p><iframe title=\"Speed Travel\" data-src=\"https:\/\/www.youtube.com\/embed\/KadgFgGh-ms?feature=oembed\" width=\"678\" height=\"381\" frameborder=\"0\" allowfullscreen=\"allowfullscreen\" data-mce-fragment=\"1\" src=\"data:image\/svg+xml;base64,PHN2ZyB3aWR0aD0iMSIgaGVpZ2h0PSIxIiB4bWxucz0iaHR0cDovL3d3dy53My5vcmcvMjAwMC9zdmciPjwvc3ZnPg==\" class=\"lazyload\" data-load-mode=\"1\"><\/iframe><\/p>\n<div id=\"quads-ad1\" class=\"quads-location quads-ad1\"><\/div>\n<p><img decoding=\"async\" class=\"alignnone size-full wp-image-25577 lazyload\" data-src=\"https:\/\/folhaderondonianews.com\/news\/wp-content\/uploads\/2019\/10\/guapore-veiculos-ji-parana.jpg\" data-sizes=\"(max-width: 540px) 100vw, 540px\" data-srcset=\"https:\/\/folhaderondonianews.com\/news\/wp-content\/uploads\/2019\/10\/guapore-veiculos-ji-parana.jpg 540w, https:\/\/folhaderondonianews.com\/news\/wp-content\/uploads\/2019\/10\/guapore-veiculos-ji-parana-169x300.jpg 169w\" alt=\"\" width=\"540\" height=\"960\" src=\"data:image\/svg+xml;base64,PHN2ZyB3aWR0aD0iMSIgaGVpZ2h0PSIxIiB4bWxucz0iaHR0cDovL3d3dy53My5vcmcvMjAwMC9zdmciPjwvc3ZnPg==\" style=\"--smush-placeholder-width: 540px; --smush-placeholder-aspect-ratio: 540\/960;\" \/><\/p>\n<p>&nbsp;<\/p>\n","protected":false},"excerpt":{"rendered":"<div class=\"mh-excerpt\"><p>Evento chega em 2019 \u00e0 sua terceira edi\u00e7\u00e3o com dezenas de expositores de v\u00e1rios segmentos.<\/p>\n<\/div>","protected":false},"author":1,"featured_media":25749,"comment_status":"open","ping_status":"closed","sticky":false,"template":"","format":"standard","meta":{"footnotes":""},"categories":[6],"tags":[201,1870,5693,2031],"class_list":["post-25748","post","type-post","status-publish","format-standard","has-post-thumbnail","hentry","category-agronegocio","tag-ariquemes","tag-daniel-pereira","tag-expovarejo","tag-sebrae"],"_links":{"self":[{"href":"https:\/\/folhaderondonianews.com\/news\/wp-json\/wp\/v2\/posts\/25748","targetHints":{"allow":["GET"]}}],"collection":[{"href":"https:\/\/folhaderondonianews.com\/news\/wp-json\/wp\/v2\/posts"}],"about":[{"href":"https:\/\/folhaderondonianews.com\/news\/wp-json\/wp\/v2\/types\/post"}],"author":[{"embeddable":true,"href":"https:\/\/folhaderondonianews.com\/news\/wp-json\/wp\/v2\/users\/1"}],"replies":[{"embeddable":true,"href":"https:\/\/folhaderondonianews.com\/news\/wp-json\/wp\/v2\/comments?post=25748"}],"version-history":[{"count":0,"href":"https:\/\/folhaderondonianews.com\/news\/wp-json\/wp\/v2\/posts\/25748\/revisions"}],"wp:featuredmedia":[{"embeddable":true,"href":"https:\/\/folhaderondonianews.com\/news\/wp-json\/wp\/v2\/media\/25749"}],"wp:attachment":[{"href":"https:\/\/folhaderondonianews.com\/news\/wp-json\/wp\/v2\/media?parent=25748"}],"wp:term":[{"taxonomy":"category","embeddable":true,"href":"https:\/\/folhaderondonianews.com\/news\/wp-json\/wp\/v2\/categories?post=25748"},{"taxonomy":"post_tag","embeddable":true,"href":"https:\/\/folhaderondonianews.com\/news\/wp-json\/wp\/v2\/tags?post=25748"}],"curies":[{"name":"wp","href":"https:\/\/api.w.org\/{rel}","templated":true}]}}